{"id":8745,"date":"2025-01-04T22:30:03","date_gmt":"2025-01-04T21:30:03","guid":{"rendered":"https:\/\/wgphoto.pl\/t\/?p=8745"},"modified":"2025-01-04T22:30:03","modified_gmt":"2025-01-04T21:30:03","slug":"wehikul-czasu","status":"publish","type":"post","link":"http:\/\/wgphoto.pl\/t\/?p=8745","title":{"rendered":"Wehiku\u0142 czasu"},"content":{"rendered":"\n<figure class=\"wp-block-image aligncenter size-full\"><img loading=\"lazy\" decoding=\"async\" width=\"1050\" height=\"700\" src=\"https:\/\/wgphoto.pl\/t\/wp-content\/uploads\/2025\/01\/IMGP6127.jpg\" alt=\"\" class=\"wp-image-8746\" srcset=\"http:\/\/wgphoto.pl\/t\/wp-content\/uploads\/2025\/01\/IMGP6127.jpg 1050w, http:\/\/wgphoto.pl\/t\/wp-content\/uploads\/2025\/01\/IMGP6127-300x200.jpg 300w, http:\/\/wgphoto.pl\/t\/wp-content\/uploads\/2025\/01\/IMGP6127-768x512.jpg 768w\" sizes=\"auto, (max-width: 1050px) 100vw, 1050px\" \/><\/figure>\n\n\n\n<div class=\"wp-block-group has-global-padding is-layout-constrained wp-block-group-is-layout-constrained\">\n<p>Debreczyn, Piac utca. I za\u015b ten 517.<br>Wracaj\u0105c z Rumunii mia\u0142em dosy\u0107 napi\u0119ty rozk\u0142ad jazdy. Musia\u0142em si\u0119 przedosta\u0107 w 38 minut z dworca autobusowego na kolejowy przy dystansie kilku przystank\u00f3w i jednej linii trolejbusowej kursuj\u0105cej co 20 minut (jest te\u017c druga, autobusowa, ale ich odjazdy si\u0119 pokrywaj\u0105) aby z\u0142apa\u0107 ostatni poci\u0105g do stolicy. Op\u00f3\u017anienie na wyje\u017adzie z Oradei i kolejka autobus\u00f3w na granicy raczej sprawy nie u\u0142atwia\u0142y. Okaza\u0142o si\u0119 jednak, \u017ce odprawa odby\u0142a si\u0119 wyj\u0105tkowo sprawnie, a rozk\u0142ad jazdy na w\u0119gierskim odcinku jest na tyle lu\u017any, \u017ce kierowca dotar\u0142 do Debreczyna dobre p\u00f3\u0142 godziny przed planem. Dodatkowo kto\u015b poprosi\u0142 o nieplanowy post\u00f3j przy dworcu kolejowym (kt\u00f3ry autobus rozk\u0142adowo mija, lecz si\u0119 w pobli\u017cu nie zatrzymuje), wykorzystany do szybkiego desantu tak\u017ce przeze mnie. W ten spos\u00f3b z lekkiego po\u015bpiechu zrobi\u0142a si\u0119 nadplanowa godzina wolnego czasu, kt\u00f3r\u0105 mog\u0142em spo\u017cytkowa\u0107 na kilka dodatkowych uj\u0119\u0107 tramwaj\u00f3w w wyludnionym (i &#8222;wysamochodowionym&#8221;) centrum miasta tego sobotniego popo\u0142udnia. 2014-06-21<\/p>\n<\/div>\n","protected":false},"excerpt":{"rendered":"<p>Debreczyn, Piac utca. I za\u015b ten 517.Wracaj\u0105c z Rumunii mia\u0142em dosy\u0107 napi\u0119ty rozk\u0142ad jazdy. Musia\u0142em si\u0119 przedosta\u0107 w 38 minut z dworca autobusowego na kolejowy przy dystansie kilku przystank\u00f3w i jednej linii trolejbusowej kursuj\u0105cej co 20 minut (jest te\u017c druga, autobusowa, ale ich odjazdy si\u0119 pokrywaj\u0105) aby z\u0142apa\u0107 ostatni poci\u0105g do stolicy. Op\u00f3\u017anienie na wyje\u017adzie [&hellip;]<\/p>\n","protected":false},"author":1,"featured_media":8746,"comment_status":"open","ping_status":"","sticky":false,"template":"","format":"standard","meta":{"footnotes":""},"categories":[48,3],"tags":[1108,157,2190,2808,105],"class_list":["post-8745","post","type-post","status-publish","format-standard","has-post-thumbnail","hentry","category-rok-2014","category-tramwaj","tag-2014-06-21","tag-caf-urbos","tag-debreczyn","tag-dkv-debrecen","tag-wegry"],"_links":{"self":[{"href":"http:\/\/wgphoto.pl\/t\/index.php?rest_route=\/wp\/v2\/posts\/8745","targetHints":{"allow":["GET"]}}],"collection":[{"href":"http:\/\/wgphoto.pl\/t\/index.php?rest_route=\/wp\/v2\/posts"}],"about":[{"href":"http:\/\/wgphoto.pl\/t\/index.php?rest_route=\/wp\/v2\/types\/post"}],"author":[{"embeddable":true,"href":"http:\/\/wgphoto.pl\/t\/index.php?rest_route=\/wp\/v2\/users\/1"}],"replies":[{"embeddable":true,"href":"http:\/\/wgphoto.pl\/t\/index.php?rest_route=%2Fwp%2Fv2%2Fcomments&post=8745"}],"version-history":[{"count":1,"href":"http:\/\/wgphoto.pl\/t\/index.php?rest_route=\/wp\/v2\/posts\/8745\/revisions"}],"predecessor-version":[{"id":8747,"href":"http:\/\/wgphoto.pl\/t\/index.php?rest_route=\/wp\/v2\/posts\/8745\/revisions\/8747"}],"wp:featuredmedia":[{"embeddable":true,"href":"http:\/\/wgphoto.pl\/t\/index.php?rest_route=\/wp\/v2\/media\/8746"}],"wp:attachment":[{"href":"http:\/\/wgphoto.pl\/t\/index.php?rest_route=%2Fwp%2Fv2%2Fmedia&parent=8745"}],"wp:term":[{"taxonomy":"category","embeddable":true,"href":"http:\/\/wgphoto.pl\/t\/index.php?rest_route=%2Fwp%2Fv2%2Fcategories&post=8745"},{"taxonomy":"post_tag","embeddable":true,"href":"http:\/\/wgphoto.pl\/t\/index.php?rest_route=%2Fwp%2Fv2%2Ftags&post=8745"}],"curies":[{"name":"wp","href":"https:\/\/api.w.org\/{rel}","templated":true}]}}