{"id":8754,"date":"2025-01-04T22:33:11","date_gmt":"2025-01-04T21:33:11","guid":{"rendered":"https:\/\/wgphoto.pl\/t\/?p=8754"},"modified":"2025-01-04T22:55:49","modified_gmt":"2025-01-04T21:55:49","slug":"motyw-ludzki","status":"publish","type":"post","link":"http:\/\/wgphoto.pl\/t\/?p=8754","title":{"rendered":"Motyw ludzki"},"content":{"rendered":"\n<figure class=\"wp-block-image aligncenter size-full\"><img loading=\"lazy\" decoding=\"async\" width=\"1050\" height=\"700\" src=\"https:\/\/wgphoto.pl\/t\/wp-content\/uploads\/2025\/01\/IMGP5851.jpg\" alt=\"\" class=\"wp-image-8755\" srcset=\"http:\/\/wgphoto.pl\/t\/wp-content\/uploads\/2025\/01\/IMGP5851.jpg 1050w, http:\/\/wgphoto.pl\/t\/wp-content\/uploads\/2025\/01\/IMGP5851-300x200.jpg 300w, http:\/\/wgphoto.pl\/t\/wp-content\/uploads\/2025\/01\/IMGP5851-768x512.jpg 768w\" sizes=\"auto, (max-width: 1050px) 100vw, 1050px\" \/><\/figure>\n\n\n\n<div class=\"wp-block-group has-global-padding is-layout-constrained wp-block-group-is-layout-constrained\">\n<p>Debrecen. Jeden z 25 w\u0119gierskich Traxx\u00f3w z poci\u0105giem osobowym 6135 relacji Z\u00e1hony &#8211; Cegl\u00e9d. Jak na tak ma\u0142o liczn\u0105 seri\u0119 spotyka\u0142em te maszyny wyj\u0105tkowo cz\u0119sto. 20.06.2014<\/p>\n<\/div>\n","protected":false},"excerpt":{"rendered":"<p>Debrecen. Jeden z 25 w\u0119gierskich Traxx\u00f3w z poci\u0105giem osobowym 6135 relacji Z\u00e1hony &#8211; Cegl\u00e9d. Jak na tak ma\u0142o liczn\u0105 seri\u0119 spotyka\u0142em te maszyny wyj\u0105tkowo cz\u0119sto. 20.06.2014<\/p>\n","protected":false},"author":1,"featured_media":8755,"comment_status":"open","ping_status":"","sticky":false,"template":"","format":"standard","meta":{"footnotes":""},"categories":[2,48],"tags":[2189,2816,2191,2190,313,151,1813,24,2286,105],"class_list":["post-8754","post","type-post","status-publish","format-standard","has-post-thumbnail","hentry","category-kolej","category-rok-2014","tag-2014-06-20","tag-2816","tag-debrecen","tag-debreczyn","tag-dyzurny","tag-ludzie","tag-mav","tag-perony","tag-traxx","tag-wegry"],"_links":{"self":[{"href":"http:\/\/wgphoto.pl\/t\/index.php?rest_route=\/wp\/v2\/posts\/8754","targetHints":{"allow":["GET"]}}],"collection":[{"href":"http:\/\/wgphoto.pl\/t\/index.php?rest_route=\/wp\/v2\/posts"}],"about":[{"href":"http:\/\/wgphoto.pl\/t\/index.php?rest_route=\/wp\/v2\/types\/post"}],"author":[{"embeddable":true,"href":"http:\/\/wgphoto.pl\/t\/index.php?rest_route=\/wp\/v2\/users\/1"}],"replies":[{"embeddable":true,"href":"http:\/\/wgphoto.pl\/t\/index.php?rest_route=%2Fwp%2Fv2%2Fcomments&post=8754"}],"version-history":[{"count":1,"href":"http:\/\/wgphoto.pl\/t\/index.php?rest_route=\/wp\/v2\/posts\/8754\/revisions"}],"predecessor-version":[{"id":8756,"href":"http:\/\/wgphoto.pl\/t\/index.php?rest_route=\/wp\/v2\/posts\/8754\/revisions\/8756"}],"wp:featuredmedia":[{"embeddable":true,"href":"http:\/\/wgphoto.pl\/t\/index.php?rest_route=\/wp\/v2\/media\/8755"}],"wp:attachment":[{"href":"http:\/\/wgphoto.pl\/t\/index.php?rest_route=%2Fwp%2Fv2%2Fmedia&parent=8754"}],"wp:term":[{"taxonomy":"category","embeddable":true,"href":"http:\/\/wgphoto.pl\/t\/index.php?rest_route=%2Fwp%2Fv2%2Fcategories&post=8754"},{"taxonomy":"post_tag","embeddable":true,"href":"http:\/\/wgphoto.pl\/t\/index.php?rest_route=%2Fwp%2Fv2%2Ftags&post=8754"}],"curies":[{"name":"wp","href":"https:\/\/api.w.org\/{rel}","templated":true}]}}