{"id":876,"date":"2024-09-30T22:05:52","date_gmt":"2024-09-30T20:05:52","guid":{"rendered":"https:\/\/wgphoto.pl\/t\/?p=876"},"modified":"2024-09-30T22:05:52","modified_gmt":"2024-09-30T20:05:52","slug":"wiedenczyk-w-sarajewie","status":"publish","type":"post","link":"http:\/\/wgphoto.pl\/t\/?p=876","title":{"rendered":"Wiede\u0144czyk w Sarajewie"},"content":{"rendered":"\n<figure class=\"wp-block-image aligncenter size-full\"><img loading=\"lazy\" decoding=\"async\" width=\"1200\" height=\"803\" src=\"https:\/\/wgphoto.pl\/t\/wp-content\/uploads\/2024\/09\/IMGP3496.jpg\" alt=\"\" class=\"wp-image-877\" srcset=\"http:\/\/wgphoto.pl\/t\/wp-content\/uploads\/2024\/09\/IMGP3496.jpg 1200w, http:\/\/wgphoto.pl\/t\/wp-content\/uploads\/2024\/09\/IMGP3496-300x201.jpg 300w, http:\/\/wgphoto.pl\/t\/wp-content\/uploads\/2024\/09\/IMGP3496-768x514.jpg 768w\" sizes=\"auto, (max-width: 1200px) 100vw, 1200px\" \/><\/figure>\n\n\n\n<div class=\"wp-block-group has-global-padding is-layout-constrained wp-block-group-is-layout-constrained\">\n<p>Sarajewo, Trg \u017ertava genocida u Srebrenici (pl. Ofiar ludob\u00f3jstwa w Srebrenicy), czyli w skr\u00f3cie p\u0119tla pod dworcem kolejowym. 24.08.2011<\/p>\n<\/div>\n","protected":false},"excerpt":{"rendered":"<p>Sarajewo, Trg \u017ertava genocida u Srebrenici (pl. Ofiar ludob\u00f3jstwa w Srebrenicy), czyli w skr\u00f3cie p\u0119tla pod dworcem kolejowym. 24.08.2011<\/p>\n","protected":false},"author":1,"featured_media":877,"comment_status":"open","ping_status":"","sticky":false,"template":"","format":"standard","meta":{"footnotes":""},"categories":[77,3],"tags":[450,447,449,114,101,448],"class_list":["post-876","post","type-post","status-publish","format-standard","has-post-thumbnail","hentry","category-rok-2011","category-tramwaj","tag-2011-08-24","tag-bosnia-i-hercegowina","tag-e","tag-gory","tag-gt6","tag-sarajewo"],"_links":{"self":[{"href":"http:\/\/wgphoto.pl\/t\/index.php?rest_route=\/wp\/v2\/posts\/876","targetHints":{"allow":["GET"]}}],"collection":[{"href":"http:\/\/wgphoto.pl\/t\/index.php?rest_route=\/wp\/v2\/posts"}],"about":[{"href":"http:\/\/wgphoto.pl\/t\/index.php?rest_route=\/wp\/v2\/types\/post"}],"author":[{"embeddable":true,"href":"http:\/\/wgphoto.pl\/t\/index.php?rest_route=\/wp\/v2\/users\/1"}],"replies":[{"embeddable":true,"href":"http:\/\/wgphoto.pl\/t\/index.php?rest_route=%2Fwp%2Fv2%2Fcomments&post=876"}],"version-history":[{"count":1,"href":"http:\/\/wgphoto.pl\/t\/index.php?rest_route=\/wp\/v2\/posts\/876\/revisions"}],"predecessor-version":[{"id":878,"href":"http:\/\/wgphoto.pl\/t\/index.php?rest_route=\/wp\/v2\/posts\/876\/revisions\/878"}],"wp:featuredmedia":[{"embeddable":true,"href":"http:\/\/wgphoto.pl\/t\/index.php?rest_route=\/wp\/v2\/media\/877"}],"wp:attachment":[{"href":"http:\/\/wgphoto.pl\/t\/index.php?rest_route=%2Fwp%2Fv2%2Fmedia&parent=876"}],"wp:term":[{"taxonomy":"category","embeddable":true,"href":"http:\/\/wgphoto.pl\/t\/index.php?rest_route=%2Fwp%2Fv2%2Fcategories&post=876"},{"taxonomy":"post_tag","embeddable":true,"href":"http:\/\/wgphoto.pl\/t\/index.php?rest_route=%2Fwp%2Fv2%2Ftags&post=876"}],"curies":[{"name":"wp","href":"https:\/\/api.w.org\/{rel}","templated":true}]}}