{"id":8766,"date":"2025-01-04T22:37:59","date_gmt":"2025-01-04T21:37:59","guid":{"rendered":"https:\/\/wgphoto.pl\/t\/?p=8766"},"modified":"2025-01-04T22:37:59","modified_gmt":"2025-01-04T21:37:59","slug":"bzmot-358","status":"publish","type":"post","link":"http:\/\/wgphoto.pl\/t\/?p=8766","title":{"rendered":"Bzmot 358"},"content":{"rendered":"\n<figure class=\"wp-block-image aligncenter size-full\"><img loading=\"lazy\" decoding=\"async\" width=\"1050\" height=\"700\" src=\"https:\/\/wgphoto.pl\/t\/wp-content\/uploads\/2025\/01\/IMGP5956.jpg\" alt=\"\" class=\"wp-image-8767\" srcset=\"http:\/\/wgphoto.pl\/t\/wp-content\/uploads\/2025\/01\/IMGP5956.jpg 1050w, http:\/\/wgphoto.pl\/t\/wp-content\/uploads\/2025\/01\/IMGP5956-300x200.jpg 300w, http:\/\/wgphoto.pl\/t\/wp-content\/uploads\/2025\/01\/IMGP5956-768x512.jpg 768w\" sizes=\"auto, (max-width: 1050px) 100vw, 1050px\" \/><\/figure>\n\n\n\n<div class=\"wp-block-group has-global-padding is-layout-constrained wp-block-group-is-layout-constrained\">\n<p>Zestaw czterech motorak\u00f3w uda si\u0119 wkr\u00f3tce w bli\u017cej nieznanym mi kierunku. S\u0105 to zapewne dwa po\u0142\u0105czone sk\u0142ady motor+doczepa, kt\u00f3re wr\u00f3c\u0105 do Debreczyna nazajutrz rano jako osobne poci\u0105gi. 20.06.2014<\/p>\n<\/div>\n","protected":false},"excerpt":{"rendered":"<p>Zestaw czterech motorak\u00f3w uda si\u0119 wkr\u00f3tce w bli\u017cej nieznanym mi kierunku. S\u0105 to zapewne dwa po\u0142\u0105czone sk\u0142ady motor+doczepa, kt\u00f3re wr\u00f3c\u0105 do Debreczyna nazajutrz rano jako osobne poci\u0105gi. 20.06.2014<\/p>\n","protected":false},"author":1,"featured_media":8767,"comment_status":"open","ping_status":"","sticky":false,"template":"","format":"standard","meta":{"footnotes":""},"categories":[2,48],"tags":[2189,2176,2191,2190,173,1813,24,105,90],"class_list":["post-8766","post","type-post","status-publish","format-standard","has-post-thumbnail","hentry","category-kolej","category-rok-2014","tag-2014-06-20","tag-bzmot","tag-debrecen","tag-debreczyn","tag-koncowki","tag-mav","tag-perony","tag-wegry","tag-wieczorem"],"_links":{"self":[{"href":"http:\/\/wgphoto.pl\/t\/index.php?rest_route=\/wp\/v2\/posts\/8766","targetHints":{"allow":["GET"]}}],"collection":[{"href":"http:\/\/wgphoto.pl\/t\/index.php?rest_route=\/wp\/v2\/posts"}],"about":[{"href":"http:\/\/wgphoto.pl\/t\/index.php?rest_route=\/wp\/v2\/types\/post"}],"author":[{"embeddable":true,"href":"http:\/\/wgphoto.pl\/t\/index.php?rest_route=\/wp\/v2\/users\/1"}],"replies":[{"embeddable":true,"href":"http:\/\/wgphoto.pl\/t\/index.php?rest_route=%2Fwp%2Fv2%2Fcomments&post=8766"}],"version-history":[{"count":1,"href":"http:\/\/wgphoto.pl\/t\/index.php?rest_route=\/wp\/v2\/posts\/8766\/revisions"}],"predecessor-version":[{"id":8768,"href":"http:\/\/wgphoto.pl\/t\/index.php?rest_route=\/wp\/v2\/posts\/8766\/revisions\/8768"}],"wp:featuredmedia":[{"embeddable":true,"href":"http:\/\/wgphoto.pl\/t\/index.php?rest_route=\/wp\/v2\/media\/8767"}],"wp:attachment":[{"href":"http:\/\/wgphoto.pl\/t\/index.php?rest_route=%2Fwp%2Fv2%2Fmedia&parent=8766"}],"wp:term":[{"taxonomy":"category","embeddable":true,"href":"http:\/\/wgphoto.pl\/t\/index.php?rest_route=%2Fwp%2Fv2%2Fcategories&post=8766"},{"taxonomy":"post_tag","embeddable":true,"href":"http:\/\/wgphoto.pl\/t\/index.php?rest_route=%2Fwp%2Fv2%2Ftags&post=8766"}],"curies":[{"name":"wp","href":"https:\/\/api.w.org\/{rel}","templated":true}]}}