{"id":8772,"date":"2025-01-04T22:40:47","date_gmt":"2025-01-04T21:40:47","guid":{"rendered":"https:\/\/wgphoto.pl\/t\/?p=8772"},"modified":"2025-01-04T22:40:47","modified_gmt":"2025-01-04T21:40:47","slug":"budapest-keleti","status":"publish","type":"post","link":"http:\/\/wgphoto.pl\/t\/?p=8772","title":{"rendered":"Budapest-Keleti"},"content":{"rendered":"\n<figure class=\"wp-block-image aligncenter size-full\"><img loading=\"lazy\" decoding=\"async\" width=\"1200\" height=\"795\" src=\"https:\/\/wgphoto.pl\/t\/wp-content\/uploads\/2025\/01\/IMGP5103.jpg\" alt=\"\" class=\"wp-image-8773\" srcset=\"http:\/\/wgphoto.pl\/t\/wp-content\/uploads\/2025\/01\/IMGP5103.jpg 1200w, http:\/\/wgphoto.pl\/t\/wp-content\/uploads\/2025\/01\/IMGP5103-300x199.jpg 300w, http:\/\/wgphoto.pl\/t\/wp-content\/uploads\/2025\/01\/IMGP5103-768x509.jpg 768w\" sizes=\"auto, (max-width: 1200px) 100vw, 1200px\" \/><\/figure>\n\n\n\n<div class=\"wp-block-group has-global-padding is-layout-constrained wp-block-group-is-layout-constrained\">\n<p>InterCity relacji Budapest-Keleti &#8211; Gy\u0151r oczekuje pory odjazdu z dworca wschodniego (z kt\u00f3rego odje\u017cd\u017caj\u0105 poci\u0105gi udaj\u0105ce si\u0119 raczej na zach\u00f3d) w Budapeszcie. 2014-06-17<\/p>\n<\/div>\n","protected":false},"excerpt":{"rendered":"<p>InterCity relacji Budapest-Keleti &#8211; Gy\u0151r oczekuje pory odjazdu z dworca wschodniego (z kt\u00f3rego odje\u017cd\u017caj\u0105 poci\u0105gi udaj\u0105ce si\u0119 raczej na zach\u00f3d) w Budapeszcie. 2014-06-17<\/p>\n","protected":false},"author":1,"featured_media":8773,"comment_status":"open","ping_status":"","sticky":false,"template":"","format":"standard","meta":{"footnotes":""},"categories":[2,48],"tags":[2815,2816,1814,144,179,1813,2286,105],"class_list":["post-8772","post","type-post","status-publish","format-standard","has-post-thumbnail","hentry","category-kolej","category-rok-2014","tag-2014-06-17","tag-2816","tag-budapest-keleti","tag-budapeszt","tag-hala-peronowa","tag-mav","tag-traxx","tag-wegry"],"_links":{"self":[{"href":"http:\/\/wgphoto.pl\/t\/index.php?rest_route=\/wp\/v2\/posts\/8772","targetHints":{"allow":["GET"]}}],"collection":[{"href":"http:\/\/wgphoto.pl\/t\/index.php?rest_route=\/wp\/v2\/posts"}],"about":[{"href":"http:\/\/wgphoto.pl\/t\/index.php?rest_route=\/wp\/v2\/types\/post"}],"author":[{"embeddable":true,"href":"http:\/\/wgphoto.pl\/t\/index.php?rest_route=\/wp\/v2\/users\/1"}],"replies":[{"embeddable":true,"href":"http:\/\/wgphoto.pl\/t\/index.php?rest_route=%2Fwp%2Fv2%2Fcomments&post=8772"}],"version-history":[{"count":1,"href":"http:\/\/wgphoto.pl\/t\/index.php?rest_route=\/wp\/v2\/posts\/8772\/revisions"}],"predecessor-version":[{"id":8774,"href":"http:\/\/wgphoto.pl\/t\/index.php?rest_route=\/wp\/v2\/posts\/8772\/revisions\/8774"}],"wp:featuredmedia":[{"embeddable":true,"href":"http:\/\/wgphoto.pl\/t\/index.php?rest_route=\/wp\/v2\/media\/8773"}],"wp:attachment":[{"href":"http:\/\/wgphoto.pl\/t\/index.php?rest_route=%2Fwp%2Fv2%2Fmedia&parent=8772"}],"wp:term":[{"taxonomy":"category","embeddable":true,"href":"http:\/\/wgphoto.pl\/t\/index.php?rest_route=%2Fwp%2Fv2%2Fcategories&post=8772"},{"taxonomy":"post_tag","embeddable":true,"href":"http:\/\/wgphoto.pl\/t\/index.php?rest_route=%2Fwp%2Fv2%2Ftags&post=8772"}],"curies":[{"name":"wp","href":"https:\/\/api.w.org\/{rel}","templated":true}]}}