{"id":8781,"date":"2025-01-04T22:46:43","date_gmt":"2025-01-04T21:46:43","guid":{"rendered":"https:\/\/wgphoto.pl\/t\/?p=8781"},"modified":"2025-01-04T22:46:43","modified_gmt":"2025-01-04T21:46:43","slug":"spodek","status":"publish","type":"post","link":"http:\/\/wgphoto.pl\/t\/?p=8781","title":{"rendered":"Spodek"},"content":{"rendered":"\n<figure class=\"wp-block-image aligncenter size-full\"><img loading=\"lazy\" decoding=\"async\" width=\"1300\" height=\"861\" src=\"https:\/\/wgphoto.pl\/t\/wp-content\/uploads\/2025\/01\/IMGP4796.jpg\" alt=\"\" class=\"wp-image-8782\" srcset=\"http:\/\/wgphoto.pl\/t\/wp-content\/uploads\/2025\/01\/IMGP4796.jpg 1300w, http:\/\/wgphoto.pl\/t\/wp-content\/uploads\/2025\/01\/IMGP4796-300x199.jpg 300w, http:\/\/wgphoto.pl\/t\/wp-content\/uploads\/2025\/01\/IMGP4796-768x509.jpg 768w\" sizes=\"auto, (max-width: 1300px) 100vw, 1300px\" \/><\/figure>\n\n\n\n<div class=\"wp-block-group has-global-padding is-layout-constrained wp-block-group-is-layout-constrained\">\n<p>EN57-820 jako kursuj\u0105cy tylko w niedziele IR 64120 &#8222;Spodek&#8221; z Wroc\u0142awia do Katowic przeje\u017cd\u017ca nad Kana\u0142em Ulgi w Opolu. Dolno\u015bl\u0105skie klopy mo\u017cna tu spotka\u0107 chyba tylko na poci\u0105gach InterRegio. 2014-05-18<\/p>\n<\/div>\n","protected":false},"excerpt":{"rendered":"<p>EN57-820 jako kursuj\u0105cy tylko w niedziele IR 64120 &#8222;Spodek&#8221; z Wroc\u0142awia do Katowic przeje\u017cd\u017ca nad Kana\u0142em Ulgi w Opolu. Dolno\u015bl\u0105skie klopy mo\u017cna tu spotka\u0107 chyba tylko na poci\u0105gach InterRegio. 2014-05-18<\/p>\n","protected":false},"author":1,"featured_media":8782,"comment_status":"open","ping_status":"","sticky":false,"template":"","format":"standard","meta":{"footnotes":""},"categories":[2,48],"tags":[2186,132,45,162,1389,1859,63,27,74,73,711],"class_list":["post-8781","post","type-post","status-publish","format-standard","has-post-thumbnail","hentry","category-kolej","category-rok-2014","tag-2014-05-18","tag-en57","tag-most","tag-niebo","tag-opole-glowne","tag-opole-zachodnie","tag-pkp","tag-polska","tag-powodz","tag-rzeka","tag-tab-pl220"],"_links":{"self":[{"href":"http:\/\/wgphoto.pl\/t\/index.php?rest_route=\/wp\/v2\/posts\/8781","targetHints":{"allow":["GET"]}}],"collection":[{"href":"http:\/\/wgphoto.pl\/t\/index.php?rest_route=\/wp\/v2\/posts"}],"about":[{"href":"http:\/\/wgphoto.pl\/t\/index.php?rest_route=\/wp\/v2\/types\/post"}],"author":[{"embeddable":true,"href":"http:\/\/wgphoto.pl\/t\/index.php?rest_route=\/wp\/v2\/users\/1"}],"replies":[{"embeddable":true,"href":"http:\/\/wgphoto.pl\/t\/index.php?rest_route=%2Fwp%2Fv2%2Fcomments&post=8781"}],"version-history":[{"count":1,"href":"http:\/\/wgphoto.pl\/t\/index.php?rest_route=\/wp\/v2\/posts\/8781\/revisions"}],"predecessor-version":[{"id":8783,"href":"http:\/\/wgphoto.pl\/t\/index.php?rest_route=\/wp\/v2\/posts\/8781\/revisions\/8783"}],"wp:featuredmedia":[{"embeddable":true,"href":"http:\/\/wgphoto.pl\/t\/index.php?rest_route=\/wp\/v2\/media\/8782"}],"wp:attachment":[{"href":"http:\/\/wgphoto.pl\/t\/index.php?rest_route=%2Fwp%2Fv2%2Fmedia&parent=8781"}],"wp:term":[{"taxonomy":"category","embeddable":true,"href":"http:\/\/wgphoto.pl\/t\/index.php?rest_route=%2Fwp%2Fv2%2Fcategories&post=8781"},{"taxonomy":"post_tag","embeddable":true,"href":"http:\/\/wgphoto.pl\/t\/index.php?rest_route=%2Fwp%2Fv2%2Ftags&post=8781"}],"curies":[{"name":"wp","href":"https:\/\/api.w.org\/{rel}","templated":true}]}}