{"id":8784,"date":"2025-01-04T22:48:18","date_gmt":"2025-01-04T21:48:18","guid":{"rendered":"https:\/\/wgphoto.pl\/t\/?p=8784"},"modified":"2025-01-04T22:48:18","modified_gmt":"2025-01-04T21:48:18","slug":"163-034-2-nad-odra","status":"publish","type":"post","link":"http:\/\/wgphoto.pl\/t\/?p=8784","title":{"rendered":"163 034-2 nad Odr\u0105"},"content":{"rendered":"\n<figure class=\"wp-block-image aligncenter size-full\"><img loading=\"lazy\" decoding=\"async\" width=\"1300\" height=\"861\" src=\"https:\/\/wgphoto.pl\/t\/wp-content\/uploads\/2025\/01\/IMGP0031-1.jpg\" alt=\"\" class=\"wp-image-8786\" srcset=\"http:\/\/wgphoto.pl\/t\/wp-content\/uploads\/2025\/01\/IMGP0031-1.jpg 1300w, http:\/\/wgphoto.pl\/t\/wp-content\/uploads\/2025\/01\/IMGP0031-1-300x199.jpg 300w, http:\/\/wgphoto.pl\/t\/wp-content\/uploads\/2025\/01\/IMGP0031-1-768x509.jpg 768w\" sizes=\"auto, (max-width: 1300px) 100vw, 1300px\" \/><\/figure>\n\n\n\n<div class=\"wp-block-group has-global-padding is-layout-constrained wp-block-group-is-layout-constrained\">\n<p>IR 16127 &#8222;Piast&#8221; z Warszawy do Wroc\u0142awia przeprawia si\u0119 przez Odr\u0119 na wyje\u017adzie z Opola G\u0142\u00f3wnego. 2013-10-05<\/p>\n<\/div>\n","protected":false},"excerpt":{"rendered":"<p>IR 16127 &#8222;Piast&#8221; z Warszawy do Wroc\u0142awia przeprawia si\u0119 przez Odr\u0119 na wyje\u017adzie z Opola G\u0142\u00f3wnego. 2013-10-05<\/p>\n","protected":false},"author":1,"featured_media":8786,"comment_status":"open","ping_status":"","sticky":false,"template":"","format":"standard","meta":{"footnotes":""},"categories":[2,55],"tags":[1401,2817,50,249,45,1389,27,1502,711],"class_list":["post-8784","post","type-post","status-publish","format-standard","has-post-thumbnail","hentry","category-kolej","category-rok-2013","tag-1401","tag-2013-10-05","tag-cd","tag-goscinne-wystepy","tag-most","tag-opole-glowne","tag-polska","tag-przewozy-regionalne","tag-tab-pl220"],"_links":{"self":[{"href":"http:\/\/wgphoto.pl\/t\/index.php?rest_route=\/wp\/v2\/posts\/8784","targetHints":{"allow":["GET"]}}],"collection":[{"href":"http:\/\/wgphoto.pl\/t\/index.php?rest_route=\/wp\/v2\/posts"}],"about":[{"href":"http:\/\/wgphoto.pl\/t\/index.php?rest_route=\/wp\/v2\/types\/post"}],"author":[{"embeddable":true,"href":"http:\/\/wgphoto.pl\/t\/index.php?rest_route=\/wp\/v2\/users\/1"}],"replies":[{"embeddable":true,"href":"http:\/\/wgphoto.pl\/t\/index.php?rest_route=%2Fwp%2Fv2%2Fcomments&post=8784"}],"version-history":[{"count":1,"href":"http:\/\/wgphoto.pl\/t\/index.php?rest_route=\/wp\/v2\/posts\/8784\/revisions"}],"predecessor-version":[{"id":8787,"href":"http:\/\/wgphoto.pl\/t\/index.php?rest_route=\/wp\/v2\/posts\/8784\/revisions\/8787"}],"wp:featuredmedia":[{"embeddable":true,"href":"http:\/\/wgphoto.pl\/t\/index.php?rest_route=\/wp\/v2\/media\/8786"}],"wp:attachment":[{"href":"http:\/\/wgphoto.pl\/t\/index.php?rest_route=%2Fwp%2Fv2%2Fmedia&parent=8784"}],"wp:term":[{"taxonomy":"category","embeddable":true,"href":"http:\/\/wgphoto.pl\/t\/index.php?rest_route=%2Fwp%2Fv2%2Fcategories&post=8784"},{"taxonomy":"post_tag","embeddable":true,"href":"http:\/\/wgphoto.pl\/t\/index.php?rest_route=%2Fwp%2Fv2%2Ftags&post=8784"}],"curies":[{"name":"wp","href":"https:\/\/api.w.org\/{rel}","templated":true}]}}