{"id":8808,"date":"2025-01-05T12:08:04","date_gmt":"2025-01-05T11:08:04","guid":{"rendered":"https:\/\/wgphoto.pl\/t\/?p=8808"},"modified":"2025-01-11T11:47:16","modified_gmt":"2025-01-11T10:47:16","slug":"tvarbanan-polnocny","status":"publish","type":"post","link":"http:\/\/wgphoto.pl\/t\/?p=8808","title":{"rendered":"Tv\u00e4rbanan p\u00f3\u0142nocny"},"content":{"rendered":"\n<figure class=\"wp-block-image aligncenter size-full\"><img loading=\"lazy\" decoding=\"async\" width=\"1300\" height=\"975\" src=\"https:\/\/wgphoto.pl\/t\/wp-content\/uploads\/2025\/01\/IMGP9372.jpg\" alt=\"\" class=\"wp-image-9345\" srcset=\"http:\/\/wgphoto.pl\/t\/wp-content\/uploads\/2025\/01\/IMGP9372.jpg 1300w, http:\/\/wgphoto.pl\/t\/wp-content\/uploads\/2025\/01\/IMGP9372-300x225.jpg 300w, http:\/\/wgphoto.pl\/t\/wp-content\/uploads\/2025\/01\/IMGP9372-768x576.jpg 768w\" sizes=\"auto, (max-width: 1300px) 100vw, 1300px\" \/><\/figure>\n\n\n\n<div class=\"wp-block-group has-global-padding is-layout-constrained wp-block-group-is-layout-constrained\">\n<p>CAF Urbos 3 nr 457 wyje\u017cd\u017ca z tunelu i zaraz zatrzyma si\u0119 na przystanku Solna centrum. Takie wagony hiszpa\u0144skiej produkcji stanowi\u0105 wy\u0142\u0105czn\u0105 obs\u0142ug\u0119 p\u00f3\u0142nocnego odcinka linii 22 (Alvik &#8211; Solna). 2015-01-19<\/p>\n<\/div>\n","protected":false},"excerpt":{"rendered":"<p>CAF Urbos 3 nr 457 wyje\u017cd\u017ca z tunelu i zaraz zatrzyma si\u0119 na przystanku Solna centrum. Takie wagony hiszpa\u0144skiej produkcji stanowi\u0105 wy\u0142\u0105czn\u0105 obs\u0142ug\u0119 p\u00f3\u0142nocnego odcinka linii 22 (Alvik &#8211; Solna). 2015-01-19<\/p>\n","protected":false},"author":1,"featured_media":9345,"comment_status":"open","ping_status":"","sticky":false,"template":"","format":"standard","meta":{"footnotes":""},"categories":[104,3],"tags":[1596,157,682,686,685,15,688],"class_list":["post-8808","post","type-post","status-publish","format-standard","has-post-thumbnail","hentry","category-rok-2015","category-tramwaj","tag-2015-01-19","tag-caf-urbos","tag-sl-stockholm","tag-sztokholm","tag-szwecja","tag-tunel","tag-tvarbanan"],"_links":{"self":[{"href":"http:\/\/wgphoto.pl\/t\/index.php?rest_route=\/wp\/v2\/posts\/8808","targetHints":{"allow":["GET"]}}],"collection":[{"href":"http:\/\/wgphoto.pl\/t\/index.php?rest_route=\/wp\/v2\/posts"}],"about":[{"href":"http:\/\/wgphoto.pl\/t\/index.php?rest_route=\/wp\/v2\/types\/post"}],"author":[{"embeddable":true,"href":"http:\/\/wgphoto.pl\/t\/index.php?rest_route=\/wp\/v2\/users\/1"}],"replies":[{"embeddable":true,"href":"http:\/\/wgphoto.pl\/t\/index.php?rest_route=%2Fwp%2Fv2%2Fcomments&post=8808"}],"version-history":[{"count":2,"href":"http:\/\/wgphoto.pl\/t\/index.php?rest_route=\/wp\/v2\/posts\/8808\/revisions"}],"predecessor-version":[{"id":9346,"href":"http:\/\/wgphoto.pl\/t\/index.php?rest_route=\/wp\/v2\/posts\/8808\/revisions\/9346"}],"wp:featuredmedia":[{"embeddable":true,"href":"http:\/\/wgphoto.pl\/t\/index.php?rest_route=\/wp\/v2\/media\/9345"}],"wp:attachment":[{"href":"http:\/\/wgphoto.pl\/t\/index.php?rest_route=%2Fwp%2Fv2%2Fmedia&parent=8808"}],"wp:term":[{"taxonomy":"category","embeddable":true,"href":"http:\/\/wgphoto.pl\/t\/index.php?rest_route=%2Fwp%2Fv2%2Fcategories&post=8808"},{"taxonomy":"post_tag","embeddable":true,"href":"http:\/\/wgphoto.pl\/t\/index.php?rest_route=%2Fwp%2Fv2%2Ftags&post=8808"}],"curies":[{"name":"wp","href":"https:\/\/api.w.org\/{rel}","templated":true}]}}