{"id":882,"date":"2024-09-30T22:09:58","date_gmt":"2024-09-30T20:09:58","guid":{"rendered":"https:\/\/wgphoto.pl\/t\/?p=882"},"modified":"2024-09-30T22:09:58","modified_gmt":"2024-09-30T20:09:58","slug":"btx761","status":"publish","type":"post","link":"http:\/\/wgphoto.pl\/t\/?p=882","title":{"rendered":"Btx761"},"content":{"rendered":"\n<figure class=\"wp-block-image aligncenter size-full\"><img loading=\"lazy\" decoding=\"async\" width=\"1200\" height=\"803\" src=\"https:\/\/wgphoto.pl\/t\/wp-content\/uploads\/2024\/09\/IMGP0324-2.jpg\" alt=\"\" class=\"wp-image-885\" srcset=\"http:\/\/wgphoto.pl\/t\/wp-content\/uploads\/2024\/09\/IMGP0324-2.jpg 1200w, http:\/\/wgphoto.pl\/t\/wp-content\/uploads\/2024\/09\/IMGP0324-2-300x201.jpg 300w, http:\/\/wgphoto.pl\/t\/wp-content\/uploads\/2024\/09\/IMGP0324-2-768x514.jpg 768w\" sizes=\"auto, (max-width: 1200px) 100vw, 1200px\" \/><\/figure>\n\n\n\n<div class=\"wp-block-group has-global-padding is-layout-constrained wp-block-group-is-layout-constrained\">\n<p>Wagony serii jak w tytule (dawniej 020, jako doczepne do motorowych woz\u00f3w 820) by\u0142y fajne, bo posiada\u0142y miejsca widokowe, z czego tamtego dnia nie omieszka\u0142em skorzysta\u0107. Obecnie wycofywane s\u0105 ostatnie sztuki &#8211; i tak d\u0142ugo przetrwa\u0142y. 14.04.2011<\/p>\n<\/div>\n","protected":false},"excerpt":{"rendered":"<p>Wagony serii jak w tytule (dawniej 020, jako doczepne do motorowych woz\u00f3w 820) by\u0142y fajne, bo posiada\u0142y miejsca widokowe, z czego tamtego dnia nie omieszka\u0142em skorzysta\u0107. Obecnie wycofywane s\u0105 ostatnie sztuki &#8211; i tak d\u0142ugo przetrwa\u0142y. 14.04.2011<\/p>\n","protected":false},"author":1,"featured_media":885,"comment_status":"open","ping_status":"","sticky":false,"template":"","format":"standard","meta":{"footnotes":""},"categories":[220,2,77],"tags":[456,50,49,265,454],"class_list":["post-882","post","type-post","status-publish","format-standard","has-post-thumbnail","hentry","category-blo","category-kolej","category-rok-2011","tag-2011-04-14","tag-cd","tag-czechy","tag-wagon","tag-wnetrza-pojazdow"],"_links":{"self":[{"href":"http:\/\/wgphoto.pl\/t\/index.php?rest_route=\/wp\/v2\/posts\/882","targetHints":{"allow":["GET"]}}],"collection":[{"href":"http:\/\/wgphoto.pl\/t\/index.php?rest_route=\/wp\/v2\/posts"}],"about":[{"href":"http:\/\/wgphoto.pl\/t\/index.php?rest_route=\/wp\/v2\/types\/post"}],"author":[{"embeddable":true,"href":"http:\/\/wgphoto.pl\/t\/index.php?rest_route=\/wp\/v2\/users\/1"}],"replies":[{"embeddable":true,"href":"http:\/\/wgphoto.pl\/t\/index.php?rest_route=%2Fwp%2Fv2%2Fcomments&post=882"}],"version-history":[{"count":1,"href":"http:\/\/wgphoto.pl\/t\/index.php?rest_route=\/wp\/v2\/posts\/882\/revisions"}],"predecessor-version":[{"id":886,"href":"http:\/\/wgphoto.pl\/t\/index.php?rest_route=\/wp\/v2\/posts\/882\/revisions\/886"}],"wp:featuredmedia":[{"embeddable":true,"href":"http:\/\/wgphoto.pl\/t\/index.php?rest_route=\/wp\/v2\/media\/885"}],"wp:attachment":[{"href":"http:\/\/wgphoto.pl\/t\/index.php?rest_route=%2Fwp%2Fv2%2Fmedia&parent=882"}],"wp:term":[{"taxonomy":"category","embeddable":true,"href":"http:\/\/wgphoto.pl\/t\/index.php?rest_route=%2Fwp%2Fv2%2Fcategories&post=882"},{"taxonomy":"post_tag","embeddable":true,"href":"http:\/\/wgphoto.pl\/t\/index.php?rest_route=%2Fwp%2Fv2%2Ftags&post=882"}],"curies":[{"name":"wp","href":"https:\/\/api.w.org\/{rel}","templated":true}]}}