{"id":8821,"date":"2025-01-05T12:14:59","date_gmt":"2025-01-05T11:14:59","guid":{"rendered":"https:\/\/wgphoto.pl\/t\/?p=8821"},"modified":"2025-01-05T12:14:59","modified_gmt":"2025-01-05T11:14:59","slug":"kg1","status":"publish","type":"post","link":"http:\/\/wgphoto.pl\/t\/?p=8821","title":{"rendered":"KG1"},"content":{"rendered":"\n<figure class=\"wp-block-image aligncenter size-full\"><img loading=\"lazy\" decoding=\"async\" width=\"990\" height=\"660\" src=\"https:\/\/wgphoto.pl\/t\/wp-content\/uploads\/2025\/01\/0406-10.jpg\" alt=\"\" class=\"wp-image-8822\" srcset=\"http:\/\/wgphoto.pl\/t\/wp-content\/uploads\/2025\/01\/0406-10.jpg 990w, http:\/\/wgphoto.pl\/t\/wp-content\/uploads\/2025\/01\/0406-10-300x200.jpg 300w, http:\/\/wgphoto.pl\/t\/wp-content\/uploads\/2025\/01\/0406-10-768x512.jpg 768w\" sizes=\"auto, (max-width: 990px) 100vw, 990px\" \/><\/figure>\n\n\n\n<div class=\"wp-block-group has-global-padding is-layout-constrained wp-block-group-is-layout-constrained\">\n<p>Kamienna G\u00f3ra. Poci\u0105g specjalny wykona\u0142 tego dnia dwie pary kurs\u00f3w mi\u0119dzy Trutnovem a Kamienn\u0105 G\u00f3r\u0105. Na zdj\u0119cie za\u0142apa\u0142 si\u0119 wieczorny poci\u0105g z Czech do Polski, kt\u00f3ry mija o zmierzchu nastawni\u0119 wykonawcz\u0105 KG1. 2004-05-01<\/p>\n<\/div>\n","protected":false},"excerpt":{"rendered":"<p>Kamienna G\u00f3ra. Poci\u0105g specjalny wykona\u0142 tego dnia dwie pary kurs\u00f3w mi\u0119dzy Trutnovem a Kamienn\u0105 G\u00f3r\u0105. Na zdj\u0119cie za\u0142apa\u0142 si\u0119 wieczorny poci\u0105g z Czech do Polski, kt\u00f3ry mija o zmierzchu nastawni\u0119 wykonawcz\u0105 KG1. 2004-05-01<\/p>\n","protected":false},"author":1,"featured_media":8822,"comment_status":"open","ping_status":"","sticky":false,"template":"","format":"standard","meta":{"footnotes":""},"categories":[62,220,2,61],"tags":[625,2822,1403,249,629,358,27,139,627,90],"class_list":["post-8821","post","type-post","status-publish","format-standard","has-post-thumbnail","hentry","category-analog","category-blo","category-kolej","category-rok-2004","tag-2004-05-01","tag-2822","tag-csd","tag-goscinne-wystepy","tag-kamienna-gora","tag-parowoz","tag-polska","tag-retro","tag-tab-pl247","tag-wieczorem"],"_links":{"self":[{"href":"http:\/\/wgphoto.pl\/t\/index.php?rest_route=\/wp\/v2\/posts\/8821","targetHints":{"allow":["GET"]}}],"collection":[{"href":"http:\/\/wgphoto.pl\/t\/index.php?rest_route=\/wp\/v2\/posts"}],"about":[{"href":"http:\/\/wgphoto.pl\/t\/index.php?rest_route=\/wp\/v2\/types\/post"}],"author":[{"embeddable":true,"href":"http:\/\/wgphoto.pl\/t\/index.php?rest_route=\/wp\/v2\/users\/1"}],"replies":[{"embeddable":true,"href":"http:\/\/wgphoto.pl\/t\/index.php?rest_route=%2Fwp%2Fv2%2Fcomments&post=8821"}],"version-history":[{"count":1,"href":"http:\/\/wgphoto.pl\/t\/index.php?rest_route=\/wp\/v2\/posts\/8821\/revisions"}],"predecessor-version":[{"id":8823,"href":"http:\/\/wgphoto.pl\/t\/index.php?rest_route=\/wp\/v2\/posts\/8821\/revisions\/8823"}],"wp:featuredmedia":[{"embeddable":true,"href":"http:\/\/wgphoto.pl\/t\/index.php?rest_route=\/wp\/v2\/media\/8822"}],"wp:attachment":[{"href":"http:\/\/wgphoto.pl\/t\/index.php?rest_route=%2Fwp%2Fv2%2Fmedia&parent=8821"}],"wp:term":[{"taxonomy":"category","embeddable":true,"href":"http:\/\/wgphoto.pl\/t\/index.php?rest_route=%2Fwp%2Fv2%2Fcategories&post=8821"},{"taxonomy":"post_tag","embeddable":true,"href":"http:\/\/wgphoto.pl\/t\/index.php?rest_route=%2Fwp%2Fv2%2Ftags&post=8821"}],"curies":[{"name":"wp","href":"https:\/\/api.w.org\/{rel}","templated":true}]}}