{"id":8827,"date":"2025-01-05T12:17:03","date_gmt":"2025-01-05T11:17:03","guid":{"rendered":"https:\/\/wgphoto.pl\/t\/?p=8827"},"modified":"2025-01-05T12:17:03","modified_gmt":"2025-01-05T11:17:03","slug":"miedzynarodowe-retro","status":"publish","type":"post","link":"http:\/\/wgphoto.pl\/t\/?p=8827","title":{"rendered":"Mi\u0119dzynarodowe retro"},"content":{"rendered":"\n<figure class=\"wp-block-image aligncenter size-full\"><img loading=\"lazy\" decoding=\"async\" width=\"1300\" height=\"861\" src=\"https:\/\/wgphoto.pl\/t\/wp-content\/uploads\/2025\/01\/0406-02.jpg\" alt=\"\" class=\"wp-image-8828\" srcset=\"http:\/\/wgphoto.pl\/t\/wp-content\/uploads\/2025\/01\/0406-02.jpg 1300w, http:\/\/wgphoto.pl\/t\/wp-content\/uploads\/2025\/01\/0406-02-300x199.jpg 300w, http:\/\/wgphoto.pl\/t\/wp-content\/uploads\/2025\/01\/0406-02-768x509.jpg 768w\" sizes=\"auto, (max-width: 1300px) 100vw, 1300px\" \/><\/figure>\n\n\n\n<div class=\"wp-block-group has-global-padding is-layout-constrained wp-block-group-is-layout-constrained\">\n<p>B\u0142a\u017ckowa &#8211; Kamienna G\u00f3ra. 423 009 prowadzi poci\u0105g specjalny T11 z Trutnova do Kamiennej G\u00f3ry, uruchomiony z okazji wst\u0105pienia Polski i Czech do Unii Europejskiej. 2004-05-01<\/p>\n<\/div>\n","protected":false},"excerpt":{"rendered":"<p>B\u0142a\u017ckowa &#8211; Kamienna G\u00f3ra. 423 009 prowadzi poci\u0105g specjalny T11 z Trutnova do Kamiennej G\u00f3ry, uruchomiony z okazji wst\u0105pienia Polski i Czech do Unii Europejskiej. 2004-05-01<\/p>\n","protected":false},"author":1,"featured_media":8828,"comment_status":"open","ping_status":"","sticky":false,"template":"","format":"standard","meta":{"footnotes":""},"categories":[62,2,61],"tags":[625,2822,626,1403,249,629,358,27,139,627],"class_list":["post-8827","post","type-post","status-publish","format-standard","has-post-thumbnail","hentry","category-analog","category-kolej","category-rok-2004","tag-2004-05-01","tag-2822","tag-blazkowa","tag-csd","tag-goscinne-wystepy","tag-kamienna-gora","tag-parowoz","tag-polska","tag-retro","tag-tab-pl247"],"_links":{"self":[{"href":"http:\/\/wgphoto.pl\/t\/index.php?rest_route=\/wp\/v2\/posts\/8827","targetHints":{"allow":["GET"]}}],"collection":[{"href":"http:\/\/wgphoto.pl\/t\/index.php?rest_route=\/wp\/v2\/posts"}],"about":[{"href":"http:\/\/wgphoto.pl\/t\/index.php?rest_route=\/wp\/v2\/types\/post"}],"author":[{"embeddable":true,"href":"http:\/\/wgphoto.pl\/t\/index.php?rest_route=\/wp\/v2\/users\/1"}],"replies":[{"embeddable":true,"href":"http:\/\/wgphoto.pl\/t\/index.php?rest_route=%2Fwp%2Fv2%2Fcomments&post=8827"}],"version-history":[{"count":1,"href":"http:\/\/wgphoto.pl\/t\/index.php?rest_route=\/wp\/v2\/posts\/8827\/revisions"}],"predecessor-version":[{"id":8829,"href":"http:\/\/wgphoto.pl\/t\/index.php?rest_route=\/wp\/v2\/posts\/8827\/revisions\/8829"}],"wp:featuredmedia":[{"embeddable":true,"href":"http:\/\/wgphoto.pl\/t\/index.php?rest_route=\/wp\/v2\/media\/8828"}],"wp:attachment":[{"href":"http:\/\/wgphoto.pl\/t\/index.php?rest_route=%2Fwp%2Fv2%2Fmedia&parent=8827"}],"wp:term":[{"taxonomy":"category","embeddable":true,"href":"http:\/\/wgphoto.pl\/t\/index.php?rest_route=%2Fwp%2Fv2%2Fcategories&post=8827"},{"taxonomy":"post_tag","embeddable":true,"href":"http:\/\/wgphoto.pl\/t\/index.php?rest_route=%2Fwp%2Fv2%2Ftags&post=8827"}],"curies":[{"name":"wp","href":"https:\/\/api.w.org\/{rel}","templated":true}]}}