{"id":8830,"date":"2025-01-05T12:22:56","date_gmt":"2025-01-05T11:22:56","guid":{"rendered":"https:\/\/wgphoto.pl\/t\/?p=8830"},"modified":"2025-01-05T12:22:56","modified_gmt":"2025-01-05T11:22:56","slug":"tatry-na-szczycie","status":"publish","type":"post","link":"http:\/\/wgphoto.pl\/t\/?p=8830","title":{"rendered":"Tatry na szczycie"},"content":{"rendered":"\n<figure class=\"wp-block-image aligncenter size-full\"><img loading=\"lazy\" decoding=\"async\" width=\"990\" height=\"730\" src=\"https:\/\/wgphoto.pl\/t\/wp-content\/uploads\/2025\/01\/dscf7871.jpg\" alt=\"\" class=\"wp-image-8831\" srcset=\"http:\/\/wgphoto.pl\/t\/wp-content\/uploads\/2025\/01\/dscf7871.jpg 990w, http:\/\/wgphoto.pl\/t\/wp-content\/uploads\/2025\/01\/dscf7871-300x221.jpg 300w, http:\/\/wgphoto.pl\/t\/wp-content\/uploads\/2025\/01\/dscf7871-768x566.jpg 768w\" sizes=\"auto, (max-width: 990px) 100vw, 990px\" \/><\/figure>\n\n\n\n<div class=\"wp-block-group has-global-padding is-layout-constrained wp-block-group-is-layout-constrained\">\n<p>Praga, ul. Trojsk\u00e1. Sk\u0142ad zmodernizowanych tatr za moment rozpocznie d\u0142ugi zjazd przez Troj\u0119 do poziomu We\u0142tawy, zaliczaj\u0105c po drodze najwi\u0119ksz\u0105 prask\u0105 stromizn\u0119, przekraczaj\u0105c\u0105 80\u2030. 10.11.2008<\/p>\n<\/div>\n","protected":false},"excerpt":{"rendered":"<p>Praga, ul. Trojsk\u00e1. Sk\u0142ad zmodernizowanych tatr za moment rozpocznie d\u0142ugi zjazd przez Troj\u0119 do poziomu We\u0142tawy, zaliczaj\u0105c po drodze najwi\u0119ksz\u0105 prask\u0105 stromizn\u0119, przekraczaj\u0105c\u0105 80\u2030. 10.11.2008<\/p>\n","protected":false},"author":1,"featured_media":8831,"comment_status":"open","ping_status":"","sticky":false,"template":"","format":"standard","meta":{"footnotes":""},"categories":[120,3],"tags":[2058,49,1049,52,1011],"class_list":["post-8830","post","type-post","status-publish","format-standard","has-post-thumbnail","hentry","category-rok-2008","category-tramwaj","tag-2008-11-10","tag-czechy","tag-dp-praha","tag-praga","tag-tatra-t3"],"_links":{"self":[{"href":"http:\/\/wgphoto.pl\/t\/index.php?rest_route=\/wp\/v2\/posts\/8830","targetHints":{"allow":["GET"]}}],"collection":[{"href":"http:\/\/wgphoto.pl\/t\/index.php?rest_route=\/wp\/v2\/posts"}],"about":[{"href":"http:\/\/wgphoto.pl\/t\/index.php?rest_route=\/wp\/v2\/types\/post"}],"author":[{"embeddable":true,"href":"http:\/\/wgphoto.pl\/t\/index.php?rest_route=\/wp\/v2\/users\/1"}],"replies":[{"embeddable":true,"href":"http:\/\/wgphoto.pl\/t\/index.php?rest_route=%2Fwp%2Fv2%2Fcomments&post=8830"}],"version-history":[{"count":1,"href":"http:\/\/wgphoto.pl\/t\/index.php?rest_route=\/wp\/v2\/posts\/8830\/revisions"}],"predecessor-version":[{"id":8832,"href":"http:\/\/wgphoto.pl\/t\/index.php?rest_route=\/wp\/v2\/posts\/8830\/revisions\/8832"}],"wp:featuredmedia":[{"embeddable":true,"href":"http:\/\/wgphoto.pl\/t\/index.php?rest_route=\/wp\/v2\/media\/8831"}],"wp:attachment":[{"href":"http:\/\/wgphoto.pl\/t\/index.php?rest_route=%2Fwp%2Fv2%2Fmedia&parent=8830"}],"wp:term":[{"taxonomy":"category","embeddable":true,"href":"http:\/\/wgphoto.pl\/t\/index.php?rest_route=%2Fwp%2Fv2%2Fcategories&post=8830"},{"taxonomy":"post_tag","embeddable":true,"href":"http:\/\/wgphoto.pl\/t\/index.php?rest_route=%2Fwp%2Fv2%2Ftags&post=8830"}],"curies":[{"name":"wp","href":"https:\/\/api.w.org\/{rel}","templated":true}]}}