{"id":8833,"date":"2025-01-05T12:23:46","date_gmt":"2025-01-05T11:23:46","guid":{"rendered":"https:\/\/wgphoto.pl\/t\/?p=8833"},"modified":"2025-01-05T12:23:46","modified_gmt":"2025-01-05T11:23:46","slug":"spojrzenie-w-gore","status":"publish","type":"post","link":"http:\/\/wgphoto.pl\/t\/?p=8833","title":{"rendered":"Spojrzenie w g\u00f3r\u0119"},"content":{"rendered":"\n<figure class=\"wp-block-image aligncenter size-full\"><img loading=\"lazy\" decoding=\"async\" width=\"900\" height=\"600\" src=\"https:\/\/wgphoto.pl\/t\/wp-content\/uploads\/2025\/01\/dscf7872.jpg\" alt=\"\" class=\"wp-image-8834\" srcset=\"http:\/\/wgphoto.pl\/t\/wp-content\/uploads\/2025\/01\/dscf7872.jpg 900w, http:\/\/wgphoto.pl\/t\/wp-content\/uploads\/2025\/01\/dscf7872-300x200.jpg 300w, http:\/\/wgphoto.pl\/t\/wp-content\/uploads\/2025\/01\/dscf7872-768x512.jpg 768w\" sizes=\"auto, (max-width: 900px) 100vw, 900px\" \/><\/figure>\n\n\n\n<div class=\"wp-block-group has-global-padding is-layout-constrained wp-block-group-is-layout-constrained\">\n<p>Praga, ul. Trojsk\u00e1. Siedemnastka w\u0142a\u015bnie rozpocz\u0119\u0142a zjazd przez Troj\u0119 do poziomu We\u0142tawy. Chocia\u017c jest tu ju\u017c stromo, nie jest to jeszcze najwi\u0119ksze pochylenie na tej trasie. 10.11.2008<\/p>\n<\/div>\n","protected":false},"excerpt":{"rendered":"<p>Praga, ul. Trojsk\u00e1. Siedemnastka w\u0142a\u015bnie rozpocz\u0119\u0142a zjazd przez Troj\u0119 do poziomu We\u0142tawy. Chocia\u017c jest tu ju\u017c stromo, nie jest to jeszcze najwi\u0119ksze pochylenie na tej trasie. 10.11.2008<\/p>\n","protected":false},"author":1,"featured_media":8834,"comment_status":"open","ping_status":"","sticky":false,"template":"","format":"standard","meta":{"footnotes":""},"categories":[120,3],"tags":[2058,49,1049,52,1011],"class_list":["post-8833","post","type-post","status-publish","format-standard","has-post-thumbnail","hentry","category-rok-2008","category-tramwaj","tag-2008-11-10","tag-czechy","tag-dp-praha","tag-praga","tag-tatra-t3"],"_links":{"self":[{"href":"http:\/\/wgphoto.pl\/t\/index.php?rest_route=\/wp\/v2\/posts\/8833","targetHints":{"allow":["GET"]}}],"collection":[{"href":"http:\/\/wgphoto.pl\/t\/index.php?rest_route=\/wp\/v2\/posts"}],"about":[{"href":"http:\/\/wgphoto.pl\/t\/index.php?rest_route=\/wp\/v2\/types\/post"}],"author":[{"embeddable":true,"href":"http:\/\/wgphoto.pl\/t\/index.php?rest_route=\/wp\/v2\/users\/1"}],"replies":[{"embeddable":true,"href":"http:\/\/wgphoto.pl\/t\/index.php?rest_route=%2Fwp%2Fv2%2Fcomments&post=8833"}],"version-history":[{"count":1,"href":"http:\/\/wgphoto.pl\/t\/index.php?rest_route=\/wp\/v2\/posts\/8833\/revisions"}],"predecessor-version":[{"id":8835,"href":"http:\/\/wgphoto.pl\/t\/index.php?rest_route=\/wp\/v2\/posts\/8833\/revisions\/8835"}],"wp:featuredmedia":[{"embeddable":true,"href":"http:\/\/wgphoto.pl\/t\/index.php?rest_route=\/wp\/v2\/media\/8834"}],"wp:attachment":[{"href":"http:\/\/wgphoto.pl\/t\/index.php?rest_route=%2Fwp%2Fv2%2Fmedia&parent=8833"}],"wp:term":[{"taxonomy":"category","embeddable":true,"href":"http:\/\/wgphoto.pl\/t\/index.php?rest_route=%2Fwp%2Fv2%2Fcategories&post=8833"},{"taxonomy":"post_tag","embeddable":true,"href":"http:\/\/wgphoto.pl\/t\/index.php?rest_route=%2Fwp%2Fv2%2Ftags&post=8833"}],"curies":[{"name":"wp","href":"https:\/\/api.w.org\/{rel}","templated":true}]}}