{"id":8842,"date":"2025-01-05T12:26:35","date_gmt":"2025-01-05T11:26:35","guid":{"rendered":"https:\/\/wgphoto.pl\/t\/?p=8842"},"modified":"2025-01-05T12:26:35","modified_gmt":"2025-01-05T11:26:35","slug":"jeczacy","status":"publish","type":"post","link":"http:\/\/wgphoto.pl\/t\/?p=8842","title":{"rendered":"J\u0119cz\u0105cy"},"content":{"rendered":"\n<figure class=\"wp-block-image aligncenter size-full\"><img loading=\"lazy\" decoding=\"async\" width=\"990\" height=\"660\" src=\"https:\/\/wgphoto.pl\/t\/wp-content\/uploads\/2025\/01\/0901-36.jpg\" alt=\"\" class=\"wp-image-8843\" srcset=\"http:\/\/wgphoto.pl\/t\/wp-content\/uploads\/2025\/01\/0901-36.jpg 990w, http:\/\/wgphoto.pl\/t\/wp-content\/uploads\/2025\/01\/0901-36-300x200.jpg 300w, http:\/\/wgphoto.pl\/t\/wp-content\/uploads\/2025\/01\/0901-36-768x512.jpg 768w\" sizes=\"auto, (max-width: 990px) 100vw, 990px\" \/><\/figure>\n\n\n\n<div class=\"wp-block-group has-global-padding is-layout-constrained wp-block-group-is-layout-constrained\">\n<p>Praga, ul. Plze\u0148sk\u00e1. Tramwaje r\u00f3\u017cnych typ\u00f3w wydaj\u0105 charakterystyczne dla siebie d\u017awi\u0119ki: bucz\u0105, wyj\u0105, szumi\u0105, piszcz\u0105\u2026 Pojazdy typu T6A5 s\u0105 za\u015b przeze mnie szczeg\u00f3lnie lubiane dzi\u0119ki charakterystycznie j\u0119cz\u0105cym (w\u0142a\u015bnie tak!) tyrystorom. Dzi\u0119ki d\u0142ugim skosom i w\u0105skim przodom, cechuj\u0105 si\u0119 one tak\u017ce zgrabnym wygl\u0105dem &#8211; w przeciwie\u0144stwie do podtypu T6B5 (co mo\u017cna por\u00f3wna\u0107 klikaj\u0105c w tagi). 15.02.2009<\/p>\n<\/div>\n","protected":false},"excerpt":{"rendered":"<p>Praga, ul. Plze\u0148sk\u00e1. Tramwaje r\u00f3\u017cnych typ\u00f3w wydaj\u0105 charakterystyczne dla siebie d\u017awi\u0119ki: bucz\u0105, wyj\u0105, szumi\u0105, piszcz\u0105\u2026 Pojazdy typu T6A5 s\u0105 za\u015b przeze mnie szczeg\u00f3lnie lubiane dzi\u0119ki charakterystycznie j\u0119cz\u0105cym (w\u0142a\u015bnie tak!) tyrystorom. Dzi\u0119ki d\u0142ugim skosom i w\u0105skim przodom, cechuj\u0105 si\u0119 one tak\u017ce zgrabnym wygl\u0105dem &#8211; w przeciwie\u0144stwie do podtypu T6B5 (co mo\u017cna por\u00f3wna\u0107 klikaj\u0105c w tagi). 15.02.2009<\/p>\n","protected":false},"author":1,"featured_media":8843,"comment_status":"open","ping_status":"","sticky":false,"template":"","format":"standard","meta":{"footnotes":""},"categories":[62,169,3],"tags":[1379,49,1049,52,841],"class_list":["post-8842","post","type-post","status-publish","format-standard","has-post-thumbnail","hentry","category-analog","category-rok-2009","category-tramwaj","tag-2009-02-15","tag-czechy","tag-dp-praha","tag-praga","tag-tatra-t6"],"_links":{"self":[{"href":"http:\/\/wgphoto.pl\/t\/index.php?rest_route=\/wp\/v2\/posts\/8842","targetHints":{"allow":["GET"]}}],"collection":[{"href":"http:\/\/wgphoto.pl\/t\/index.php?rest_route=\/wp\/v2\/posts"}],"about":[{"href":"http:\/\/wgphoto.pl\/t\/index.php?rest_route=\/wp\/v2\/types\/post"}],"author":[{"embeddable":true,"href":"http:\/\/wgphoto.pl\/t\/index.php?rest_route=\/wp\/v2\/users\/1"}],"replies":[{"embeddable":true,"href":"http:\/\/wgphoto.pl\/t\/index.php?rest_route=%2Fwp%2Fv2%2Fcomments&post=8842"}],"version-history":[{"count":1,"href":"http:\/\/wgphoto.pl\/t\/index.php?rest_route=\/wp\/v2\/posts\/8842\/revisions"}],"predecessor-version":[{"id":8844,"href":"http:\/\/wgphoto.pl\/t\/index.php?rest_route=\/wp\/v2\/posts\/8842\/revisions\/8844"}],"wp:featuredmedia":[{"embeddable":true,"href":"http:\/\/wgphoto.pl\/t\/index.php?rest_route=\/wp\/v2\/media\/8843"}],"wp:attachment":[{"href":"http:\/\/wgphoto.pl\/t\/index.php?rest_route=%2Fwp%2Fv2%2Fmedia&parent=8842"}],"wp:term":[{"taxonomy":"category","embeddable":true,"href":"http:\/\/wgphoto.pl\/t\/index.php?rest_route=%2Fwp%2Fv2%2Fcategories&post=8842"},{"taxonomy":"post_tag","embeddable":true,"href":"http:\/\/wgphoto.pl\/t\/index.php?rest_route=%2Fwp%2Fv2%2Ftags&post=8842"}],"curies":[{"name":"wp","href":"https:\/\/api.w.org\/{rel}","templated":true}]}}