{"id":8860,"date":"2025-01-06T17:59:07","date_gmt":"2025-01-06T16:59:07","guid":{"rendered":"https:\/\/wgphoto.pl\/t\/?p=8860"},"modified":"2025-01-06T17:59:07","modified_gmt":"2025-01-06T16:59:07","slug":"alinka-w-czerwonym-koscielcu","status":"publish","type":"post","link":"http:\/\/wgphoto.pl\/t\/?p=8860","title":{"rendered":"Alinka w Czerwonym Ko\u015bcielcu"},"content":{"rendered":"\n<figure class=\"wp-block-image aligncenter size-full\"><img loading=\"lazy\" decoding=\"async\" width=\"1300\" height=\"870\" src=\"https:\/\/wgphoto.pl\/t\/wp-content\/uploads\/2025\/01\/IMGP0031.jpg\" alt=\"\" class=\"wp-image-8861\" srcset=\"http:\/\/wgphoto.pl\/t\/wp-content\/uploads\/2025\/01\/IMGP0031.jpg 1300w, http:\/\/wgphoto.pl\/t\/wp-content\/uploads\/2025\/01\/IMGP0031-300x201.jpg 300w, http:\/\/wgphoto.pl\/t\/wp-content\/uploads\/2025\/01\/IMGP0031-768x514.jpg 768w\" sizes=\"auto, (max-width: 1300px) 100vw, 1300px\" \/><\/figure>\n\n\n\n<div class=\"wp-block-group has-global-padding is-layout-constrained wp-block-group-is-layout-constrained\">\n<p>854 014-8 jako poc. osob. 15405 rel. Trutnov hl.n. &#8211; Jarom\u011b\u0159 mija w porannym s\u0142o\u0144cu semafor wjazdowy do \u010cerven\u00e9ho Kostelce. Obecnie motyw z semaforem nie istnieje, chyba \u017ce kto\u015b lubi sygnalizatory \u015bwietlne. 2009-09-27<\/p>\n<\/div>\n","protected":false},"excerpt":{"rendered":"<p>854 014-8 jako poc. osob. 15405 rel. Trutnov hl.n. &#8211; Jarom\u011b\u0159 mija w porannym s\u0142o\u0144cu semafor wjazdowy do \u010cerven\u00e9ho Kostelce. Obecnie motyw z semaforem nie istnieje, chyba \u017ce kto\u015b lubi sygnalizatory \u015bwietlne. 2009-09-27<\/p>\n","protected":false},"author":1,"featured_media":8861,"comment_status":"open","ping_status":"","sticky":false,"template":"","format":"standard","meta":{"footnotes":""},"categories":[2,169],"tags":[2034,552,50,2035,49,176,53,1917],"class_list":["post-8860","post","type-post","status-publish","format-standard","has-post-thumbnail","hentry","category-kolej","category-rok-2009","tag-2009-09-27","tag-552","tag-cd","tag-cerveny-kostelec","tag-czechy","tag-rano","tag-sygnalizacja-ksztaltowa","tag-tab-cz032"],"_links":{"self":[{"href":"http:\/\/wgphoto.pl\/t\/index.php?rest_route=\/wp\/v2\/posts\/8860","targetHints":{"allow":["GET"]}}],"collection":[{"href":"http:\/\/wgphoto.pl\/t\/index.php?rest_route=\/wp\/v2\/posts"}],"about":[{"href":"http:\/\/wgphoto.pl\/t\/index.php?rest_route=\/wp\/v2\/types\/post"}],"author":[{"embeddable":true,"href":"http:\/\/wgphoto.pl\/t\/index.php?rest_route=\/wp\/v2\/users\/1"}],"replies":[{"embeddable":true,"href":"http:\/\/wgphoto.pl\/t\/index.php?rest_route=%2Fwp%2Fv2%2Fcomments&post=8860"}],"version-history":[{"count":1,"href":"http:\/\/wgphoto.pl\/t\/index.php?rest_route=\/wp\/v2\/posts\/8860\/revisions"}],"predecessor-version":[{"id":8862,"href":"http:\/\/wgphoto.pl\/t\/index.php?rest_route=\/wp\/v2\/posts\/8860\/revisions\/8862"}],"wp:featuredmedia":[{"embeddable":true,"href":"http:\/\/wgphoto.pl\/t\/index.php?rest_route=\/wp\/v2\/media\/8861"}],"wp:attachment":[{"href":"http:\/\/wgphoto.pl\/t\/index.php?rest_route=%2Fwp%2Fv2%2Fmedia&parent=8860"}],"wp:term":[{"taxonomy":"category","embeddable":true,"href":"http:\/\/wgphoto.pl\/t\/index.php?rest_route=%2Fwp%2Fv2%2Fcategories&post=8860"},{"taxonomy":"post_tag","embeddable":true,"href":"http:\/\/wgphoto.pl\/t\/index.php?rest_route=%2Fwp%2Fv2%2Ftags&post=8860"}],"curies":[{"name":"wp","href":"https:\/\/api.w.org\/{rel}","templated":true}]}}