{"id":8887,"date":"2025-01-06T18:09:22","date_gmt":"2025-01-06T17:09:22","guid":{"rendered":"https:\/\/wgphoto.pl\/t\/?p=8887"},"modified":"2025-01-06T18:09:22","modified_gmt":"2025-01-06T17:09:22","slug":"jindrichov-ve-slezsku","status":"publish","type":"post","link":"http:\/\/wgphoto.pl\/t\/?p=8887","title":{"rendered":"Jind\u0159ichov ve Slezsku"},"content":{"rendered":"\n<figure class=\"wp-block-image aligncenter size-full\"><img loading=\"lazy\" decoding=\"async\" width=\"1024\" height=\"683\" src=\"https:\/\/wgphoto.pl\/t\/wp-content\/uploads\/2025\/01\/IMGP9936-1.jpg\" alt=\"\" class=\"wp-image-8889\" srcset=\"http:\/\/wgphoto.pl\/t\/wp-content\/uploads\/2025\/01\/IMGP9936-1.jpg 1024w, http:\/\/wgphoto.pl\/t\/wp-content\/uploads\/2025\/01\/IMGP9936-1-300x200.jpg 300w, http:\/\/wgphoto.pl\/t\/wp-content\/uploads\/2025\/01\/IMGP9936-1-768x512.jpg 768w\" sizes=\"auto, (max-width: 1024px) 100vw, 1024px\" \/><\/figure>\n\n\n\n<div class=\"wp-block-group has-global-padding is-layout-constrained wp-block-group-is-layout-constrained\">\n<p>Motorak odpoczywa na bocznym torze stacji granicznej przed kursem 3581 do Krnova. To by\u0142y ostatnie tygodnie widocznych w tle semafor\u00f3w kszta\u0142towych. Bystre oko dostrze\u017ce stoj\u0105ce ju\u017c obok urz\u0105dzenia \u015bwietlne. 19.09.2009<\/p>\n<\/div>\n","protected":false},"excerpt":{"rendered":"<p>Motorak odpoczywa na bocznym torze stacji granicznej przed kursem 3581 do Krnova. To by\u0142y ostatnie tygodnie widocznych w tle semafor\u00f3w kszta\u0142towych. Bystre oko dostrze\u017ce stoj\u0105ce ju\u017c obok urz\u0105dzenia \u015bwietlne. 19.09.2009<\/p>\n","protected":false},"author":1,"featured_media":8889,"comment_status":"open","ping_status":"","sticky":false,"template":"","format":"standard","meta":{"footnotes":""},"categories":[2,169],"tags":[1150,92,50,49,2827,196,167],"class_list":["post-8887","post","type-post","status-publish","format-standard","has-post-thumbnail","hentry","category-kolej","category-rok-2009","tag-2009-09-19","tag-92","tag-cd","tag-czechy","tag-jindrichov-ve-slezsku","tag-linie-raczej-lokalne","tag-tab-cz292"],"_links":{"self":[{"href":"http:\/\/wgphoto.pl\/t\/index.php?rest_route=\/wp\/v2\/posts\/8887","targetHints":{"allow":["GET"]}}],"collection":[{"href":"http:\/\/wgphoto.pl\/t\/index.php?rest_route=\/wp\/v2\/posts"}],"about":[{"href":"http:\/\/wgphoto.pl\/t\/index.php?rest_route=\/wp\/v2\/types\/post"}],"author":[{"embeddable":true,"href":"http:\/\/wgphoto.pl\/t\/index.php?rest_route=\/wp\/v2\/users\/1"}],"replies":[{"embeddable":true,"href":"http:\/\/wgphoto.pl\/t\/index.php?rest_route=%2Fwp%2Fv2%2Fcomments&post=8887"}],"version-history":[{"count":1,"href":"http:\/\/wgphoto.pl\/t\/index.php?rest_route=\/wp\/v2\/posts\/8887\/revisions"}],"predecessor-version":[{"id":8890,"href":"http:\/\/wgphoto.pl\/t\/index.php?rest_route=\/wp\/v2\/posts\/8887\/revisions\/8890"}],"wp:featuredmedia":[{"embeddable":true,"href":"http:\/\/wgphoto.pl\/t\/index.php?rest_route=\/wp\/v2\/media\/8889"}],"wp:attachment":[{"href":"http:\/\/wgphoto.pl\/t\/index.php?rest_route=%2Fwp%2Fv2%2Fmedia&parent=8887"}],"wp:term":[{"taxonomy":"category","embeddable":true,"href":"http:\/\/wgphoto.pl\/t\/index.php?rest_route=%2Fwp%2Fv2%2Fcategories&post=8887"},{"taxonomy":"post_tag","embeddable":true,"href":"http:\/\/wgphoto.pl\/t\/index.php?rest_route=%2Fwp%2Fv2%2Ftags&post=8887"}],"curies":[{"name":"wp","href":"https:\/\/api.w.org\/{rel}","templated":true}]}}