{"id":8931,"date":"2025-01-06T18:27:03","date_gmt":"2025-01-06T17:27:03","guid":{"rendered":"https:\/\/wgphoto.pl\/t\/?p=8931"},"modified":"2025-01-06T18:27:03","modified_gmt":"2025-01-06T17:27:03","slug":"kolejna-halda-zdobyta","status":"publish","type":"post","link":"http:\/\/wgphoto.pl\/t\/?p=8931","title":{"rendered":"Kolejna ha\u0142da zdobyta"},"content":{"rendered":"\n<figure class=\"wp-block-image aligncenter size-full\"><img loading=\"lazy\" decoding=\"async\" width=\"1024\" height=\"680\" src=\"https:\/\/wgphoto.pl\/t\/wp-content\/uploads\/2025\/01\/IMGP0292.jpg\" alt=\"\" class=\"wp-image-8932\" srcset=\"http:\/\/wgphoto.pl\/t\/wp-content\/uploads\/2025\/01\/IMGP0292.jpg 1024w, http:\/\/wgphoto.pl\/t\/wp-content\/uploads\/2025\/01\/IMGP0292-300x199.jpg 300w, http:\/\/wgphoto.pl\/t\/wp-content\/uploads\/2025\/01\/IMGP0292-768x510.jpg 768w\" sizes=\"auto, (max-width: 1024px) 100vw, 1024px\" \/><\/figure>\n\n\n\n<div class=\"wp-block-group has-global-padding is-layout-constrained wp-block-group-is-layout-constrained\">\n<p>Dzienny poci\u0105g TLK z Jeleniej G\u00f3ry do Warszawy Wschodniej pokonuje szlak z Wa\u0142brzycha Fabrycznego do Wa\u0142brzycha Miasta, zbli\u017caj\u0105c si\u0119 do by\u0142ego Podg Thorez. Dzi\u0119kuj\u0119 przewodnikom po ha\u0142dach za prezentacj\u0119 nieznanej mi dotychczas miejsc\u00f3wki. 29.10.2013<\/p>\n<\/div>\n","protected":false},"excerpt":{"rendered":"<p>Dzienny poci\u0105g TLK z Jeleniej G\u00f3ry do Warszawy Wschodniej pokonuje szlak z Wa\u0142brzycha Fabrycznego do Wa\u0142brzycha Miasta, zbli\u017caj\u0105c si\u0119 do by\u0142ego Podg Thorez. Dzi\u0119kuj\u0119 przewodnikom po ha\u0142dach za prezentacj\u0119 nieznanej mi dotychczas miejsc\u00f3wki. 29.10.2013<\/p>\n","protected":false},"author":1,"featured_media":8932,"comment_status":"open","ping_status":"","sticky":false,"template":"","format":"standard","meta":{"footnotes":""},"categories":[2,55],"tags":[2255,122,113,63,27,200,1878,1424],"class_list":["post-8931","post","type-post","status-publish","format-standard","has-post-thumbnail","hentry","category-kolej","category-rok-2013","tag-2013-10-29","tag-eu07","tag-landszaft","tag-pkp","tag-polska","tag-tab-pl240","tag-walbrzych-fabryczny","tag-walbrzych-miasto"],"_links":{"self":[{"href":"http:\/\/wgphoto.pl\/t\/index.php?rest_route=\/wp\/v2\/posts\/8931","targetHints":{"allow":["GET"]}}],"collection":[{"href":"http:\/\/wgphoto.pl\/t\/index.php?rest_route=\/wp\/v2\/posts"}],"about":[{"href":"http:\/\/wgphoto.pl\/t\/index.php?rest_route=\/wp\/v2\/types\/post"}],"author":[{"embeddable":true,"href":"http:\/\/wgphoto.pl\/t\/index.php?rest_route=\/wp\/v2\/users\/1"}],"replies":[{"embeddable":true,"href":"http:\/\/wgphoto.pl\/t\/index.php?rest_route=%2Fwp%2Fv2%2Fcomments&post=8931"}],"version-history":[{"count":1,"href":"http:\/\/wgphoto.pl\/t\/index.php?rest_route=\/wp\/v2\/posts\/8931\/revisions"}],"predecessor-version":[{"id":8933,"href":"http:\/\/wgphoto.pl\/t\/index.php?rest_route=\/wp\/v2\/posts\/8931\/revisions\/8933"}],"wp:featuredmedia":[{"embeddable":true,"href":"http:\/\/wgphoto.pl\/t\/index.php?rest_route=\/wp\/v2\/media\/8932"}],"wp:attachment":[{"href":"http:\/\/wgphoto.pl\/t\/index.php?rest_route=%2Fwp%2Fv2%2Fmedia&parent=8931"}],"wp:term":[{"taxonomy":"category","embeddable":true,"href":"http:\/\/wgphoto.pl\/t\/index.php?rest_route=%2Fwp%2Fv2%2Fcategories&post=8931"},{"taxonomy":"post_tag","embeddable":true,"href":"http:\/\/wgphoto.pl\/t\/index.php?rest_route=%2Fwp%2Fv2%2Ftags&post=8931"}],"curies":[{"name":"wp","href":"https:\/\/api.w.org\/{rel}","templated":true}]}}