{"id":8934,"date":"2025-01-06T18:28:04","date_gmt":"2025-01-06T17:28:04","guid":{"rendered":"https:\/\/wgphoto.pl\/t\/?p=8934"},"modified":"2025-01-06T18:28:04","modified_gmt":"2025-01-06T17:28:04","slug":"w-cieniu-wolowca","status":"publish","type":"post","link":"http:\/\/wgphoto.pl\/t\/?p=8934","title":{"rendered":"W cieniu Wo\u0142owca"},"content":{"rendered":"\n<figure class=\"wp-block-image aligncenter size-full\"><img loading=\"lazy\" decoding=\"async\" width=\"600\" height=\"850\" src=\"https:\/\/wgphoto.pl\/t\/wp-content\/uploads\/2025\/01\/0627-01.jpg\" alt=\"\" class=\"wp-image-8935\" srcset=\"http:\/\/wgphoto.pl\/t\/wp-content\/uploads\/2025\/01\/0627-01.jpg 600w, http:\/\/wgphoto.pl\/t\/wp-content\/uploads\/2025\/01\/0627-01-212x300.jpg 212w\" sizes=\"auto, (max-width: 600px) 100vw, 600px\" \/><\/figure>\n\n\n\n<div class=\"wp-block-group has-global-padding is-layout-constrained wp-block-group-is-layout-constrained\">\n<p>ET22-1077 z pr\u00f3\u017cnymi w\u0119glarkami pokonuje szlak z Wa\u0142brzycha Fabrycznego do G\u0142\u00f3wnego. Podchodzi\u0142em do tego miejsca kilka razy chc\u0105c sfotografowa\u0107 \u0142adn\u0105 jesie\u0144 i uwzgl\u0119dniwszy k\u0105t padania promieni s\u0142onecznych wdrapa\u0142em si\u0119 na punkt widokowy z rana, nie wzi\u0105\u0142em jednak pod uwag\u0119, \u017ce jesienne s\u0142o\u0144ce niekoniecznie o tej porze chce si\u0119 wychyli\u0107 zza Wo\u0142owca (777 m n.p.m.). 28.10.2006<\/p>\n<\/div>\n","protected":false},"excerpt":{"rendered":"<p>ET22-1077 z pr\u00f3\u017cnymi w\u0119glarkami pokonuje szlak z Wa\u0142brzycha Fabrycznego do G\u0142\u00f3wnego. Podchodzi\u0142em do tego miejsca kilka razy chc\u0105c sfotografowa\u0107 \u0142adn\u0105 jesie\u0144 i uwzgl\u0119dniwszy k\u0105t padania promieni s\u0142onecznych wdrapa\u0142em si\u0119 na punkt widokowy z rana, nie wzi\u0105\u0142em jednak pod uwag\u0119, \u017ce jesienne s\u0142o\u0144ce niekoniecznie o tej porze chce si\u0119 wychyli\u0107 zza Wo\u0142owca (777 m n.p.m.). 28.10.2006<\/p>\n","protected":false},"author":1,"featured_media":8935,"comment_status":"open","ping_status":"","sticky":false,"template":"","format":"standard","meta":{"footnotes":""},"categories":[62,2,128,130],"tags":[2836,26,126,113,63,27,200,1878,1101],"class_list":["post-8934","post","type-post","status-publish","format-standard","has-post-thumbnail","hentry","category-analog","category-kolej","category-pionowe","category-rok-2006","tag-2006-10-28","tag-et22","tag-jesien","tag-landszaft","tag-pkp","tag-polska","tag-tab-pl240","tag-walbrzych-fabryczny","tag-walbrzych-glowny"],"_links":{"self":[{"href":"http:\/\/wgphoto.pl\/t\/index.php?rest_route=\/wp\/v2\/posts\/8934","targetHints":{"allow":["GET"]}}],"collection":[{"href":"http:\/\/wgphoto.pl\/t\/index.php?rest_route=\/wp\/v2\/posts"}],"about":[{"href":"http:\/\/wgphoto.pl\/t\/index.php?rest_route=\/wp\/v2\/types\/post"}],"author":[{"embeddable":true,"href":"http:\/\/wgphoto.pl\/t\/index.php?rest_route=\/wp\/v2\/users\/1"}],"replies":[{"embeddable":true,"href":"http:\/\/wgphoto.pl\/t\/index.php?rest_route=%2Fwp%2Fv2%2Fcomments&post=8934"}],"version-history":[{"count":1,"href":"http:\/\/wgphoto.pl\/t\/index.php?rest_route=\/wp\/v2\/posts\/8934\/revisions"}],"predecessor-version":[{"id":8936,"href":"http:\/\/wgphoto.pl\/t\/index.php?rest_route=\/wp\/v2\/posts\/8934\/revisions\/8936"}],"wp:featuredmedia":[{"embeddable":true,"href":"http:\/\/wgphoto.pl\/t\/index.php?rest_route=\/wp\/v2\/media\/8935"}],"wp:attachment":[{"href":"http:\/\/wgphoto.pl\/t\/index.php?rest_route=%2Fwp%2Fv2%2Fmedia&parent=8934"}],"wp:term":[{"taxonomy":"category","embeddable":true,"href":"http:\/\/wgphoto.pl\/t\/index.php?rest_route=%2Fwp%2Fv2%2Fcategories&post=8934"},{"taxonomy":"post_tag","embeddable":true,"href":"http:\/\/wgphoto.pl\/t\/index.php?rest_route=%2Fwp%2Fv2%2Ftags&post=8934"}],"curies":[{"name":"wp","href":"https:\/\/api.w.org\/{rel}","templated":true}]}}