{"id":8937,"date":"2025-01-06T18:29:12","date_gmt":"2025-01-06T17:29:12","guid":{"rendered":"https:\/\/wgphoto.pl\/t\/?p=8937"},"modified":"2025-01-06T18:29:12","modified_gmt":"2025-01-06T17:29:12","slug":"karkonosze-w-jeleniej","status":"publish","type":"post","link":"http:\/\/wgphoto.pl\/t\/?p=8937","title":{"rendered":"Karkonosze w Jeleniej"},"content":{"rendered":"\n<figure class=\"wp-block-image aligncenter size-full\"><img loading=\"lazy\" decoding=\"async\" width=\"1024\" height=\"685\" src=\"https:\/\/wgphoto.pl\/t\/wp-content\/uploads\/2025\/01\/IMGP2449.jpg\" alt=\"\" class=\"wp-image-8938\" srcset=\"http:\/\/wgphoto.pl\/t\/wp-content\/uploads\/2025\/01\/IMGP2449.jpg 1024w, http:\/\/wgphoto.pl\/t\/wp-content\/uploads\/2025\/01\/IMGP2449-300x201.jpg 300w, http:\/\/wgphoto.pl\/t\/wp-content\/uploads\/2025\/01\/IMGP2449-768x514.jpg 768w\" sizes=\"auto, (max-width: 1024px) 100vw, 1024px\" \/><\/figure>\n\n\n\n<div class=\"wp-block-group has-global-padding is-layout-constrained wp-block-group-is-layout-constrained\">\n<p>Nocny poci\u0105g pospieszny &#8222;Karkonosze&#8221; do Warszawy Wschodniej podstawi\u0142 si\u0119 w perony stacji w Jeleniej G\u00f3rze. 16.03.2013<\/p>\n<\/div>\n","protected":false},"excerpt":{"rendered":"<p>Nocny poci\u0105g pospieszny &#8222;Karkonosze&#8221; do Warszawy Wschodniej podstawi\u0142 si\u0119 w perony stacji w Jeleniej G\u00f3rze. 16.03.2013<\/p>\n","protected":false},"author":1,"featured_media":8938,"comment_status":"open","ping_status":"","sticky":false,"template":"","format":"standard","meta":{"footnotes":""},"categories":[2,55],"tags":[937,91,124,1997,162,154,63,27,44,200],"class_list":["post-8937","post","type-post","status-publish","format-standard","has-post-thumbnail","hentry","category-kolej","category-rok-2013","tag-2013-03-16","tag-blue-hour","tag-ep07","tag-jelenia-gora","tag-niebo","tag-noc","tag-pkp","tag-polska","tag-snieg","tag-tab-pl240"],"_links":{"self":[{"href":"http:\/\/wgphoto.pl\/t\/index.php?rest_route=\/wp\/v2\/posts\/8937","targetHints":{"allow":["GET"]}}],"collection":[{"href":"http:\/\/wgphoto.pl\/t\/index.php?rest_route=\/wp\/v2\/posts"}],"about":[{"href":"http:\/\/wgphoto.pl\/t\/index.php?rest_route=\/wp\/v2\/types\/post"}],"author":[{"embeddable":true,"href":"http:\/\/wgphoto.pl\/t\/index.php?rest_route=\/wp\/v2\/users\/1"}],"replies":[{"embeddable":true,"href":"http:\/\/wgphoto.pl\/t\/index.php?rest_route=%2Fwp%2Fv2%2Fcomments&post=8937"}],"version-history":[{"count":1,"href":"http:\/\/wgphoto.pl\/t\/index.php?rest_route=\/wp\/v2\/posts\/8937\/revisions"}],"predecessor-version":[{"id":8939,"href":"http:\/\/wgphoto.pl\/t\/index.php?rest_route=\/wp\/v2\/posts\/8937\/revisions\/8939"}],"wp:featuredmedia":[{"embeddable":true,"href":"http:\/\/wgphoto.pl\/t\/index.php?rest_route=\/wp\/v2\/media\/8938"}],"wp:attachment":[{"href":"http:\/\/wgphoto.pl\/t\/index.php?rest_route=%2Fwp%2Fv2%2Fmedia&parent=8937"}],"wp:term":[{"taxonomy":"category","embeddable":true,"href":"http:\/\/wgphoto.pl\/t\/index.php?rest_route=%2Fwp%2Fv2%2Fcategories&post=8937"},{"taxonomy":"post_tag","embeddable":true,"href":"http:\/\/wgphoto.pl\/t\/index.php?rest_route=%2Fwp%2Fv2%2Ftags&post=8937"}],"curies":[{"name":"wp","href":"https:\/\/api.w.org\/{rel}","templated":true}]}}