{"id":8979,"date":"2025-01-06T22:28:33","date_gmt":"2025-01-06T21:28:33","guid":{"rendered":"https:\/\/wgphoto.pl\/t\/?p=8979"},"modified":"2025-01-06T22:28:33","modified_gmt":"2025-01-06T21:28:33","slug":"sopelki","status":"publish","type":"post","link":"http:\/\/wgphoto.pl\/t\/?p=8979","title":{"rendered":"Sopelki"},"content":{"rendered":"\n<figure class=\"wp-block-image aligncenter size-full\"><img loading=\"lazy\" decoding=\"async\" width=\"1200\" height=\"803\" src=\"https:\/\/wgphoto.pl\/t\/wp-content\/uploads\/2025\/01\/imgp2466-2.jpg\" alt=\"\" class=\"wp-image-8980\" srcset=\"http:\/\/wgphoto.pl\/t\/wp-content\/uploads\/2025\/01\/imgp2466-2.jpg 1200w, http:\/\/wgphoto.pl\/t\/wp-content\/uploads\/2025\/01\/imgp2466-2-300x201.jpg 300w, http:\/\/wgphoto.pl\/t\/wp-content\/uploads\/2025\/01\/imgp2466-2-768x514.jpg 768w\" sizes=\"auto, (max-width: 1200px) 100vw, 1200px\" \/><\/figure>\n\n\n\n<div class=\"wp-block-group has-global-padding is-layout-constrained wp-block-group-is-layout-constrained\">\n<p>840 005-3 jako osobak 16228 Harrachov &#8211; Liberec przemierza przekop mi\u0119dzy Harrachovem a Ko\u0159enovem, w kt\u00f3rym obowi\u0105zywa\u0142o w\u00f3wczas czasowe zwolnienie do 10 km\/h, najpewniej ze wzgl\u0119du na zagro\u017cenie ze strony tych bry\u0142 lodu. O\u015bwietlenie kadru jest niestety mocno nieatrakcyjne, a szkoda, bo miejsce robi\u0142o niesamowite wra\u017cenie. 17.03.2013<\/p>\n<\/div>\n","protected":false},"excerpt":{"rendered":"<p>840 005-3 jako osobak 16228 Harrachov &#8211; Liberec przemierza przekop mi\u0119dzy Harrachovem a Ko\u0159enovem, w kt\u00f3rym obowi\u0105zywa\u0142o w\u00f3wczas czasowe zwolnienie do 10 km\/h, najpewniej ze wzgl\u0119du na zagro\u017cenie ze strony tych bry\u0142 lodu. O\u015bwietlenie kadru jest niestety mocno nieatrakcyjne, a szkoda, bo miejsce robi\u0142o niesamowite wra\u017cenie. 17.03.2013<\/p>\n","protected":false},"author":1,"featured_media":8980,"comment_status":"open","ping_status":"","sticky":false,"template":"","format":"standard","meta":{"footnotes":""},"categories":[2,55],"tags":[2848,1601,50,49,2850,2849,44,1599,936],"class_list":["post-8979","post","type-post","status-publish","format-standard","has-post-thumbnail","hentry","category-kolej","category-rok-2013","tag-2013-03-17","tag-1601","tag-cd","tag-czechy","tag-harrachov","tag-korenov","tag-snieg","tag-stadler-regio-shuttle","tag-tab-cz036"],"_links":{"self":[{"href":"http:\/\/wgphoto.pl\/t\/index.php?rest_route=\/wp\/v2\/posts\/8979","targetHints":{"allow":["GET"]}}],"collection":[{"href":"http:\/\/wgphoto.pl\/t\/index.php?rest_route=\/wp\/v2\/posts"}],"about":[{"href":"http:\/\/wgphoto.pl\/t\/index.php?rest_route=\/wp\/v2\/types\/post"}],"author":[{"embeddable":true,"href":"http:\/\/wgphoto.pl\/t\/index.php?rest_route=\/wp\/v2\/users\/1"}],"replies":[{"embeddable":true,"href":"http:\/\/wgphoto.pl\/t\/index.php?rest_route=%2Fwp%2Fv2%2Fcomments&post=8979"}],"version-history":[{"count":1,"href":"http:\/\/wgphoto.pl\/t\/index.php?rest_route=\/wp\/v2\/posts\/8979\/revisions"}],"predecessor-version":[{"id":8981,"href":"http:\/\/wgphoto.pl\/t\/index.php?rest_route=\/wp\/v2\/posts\/8979\/revisions\/8981"}],"wp:featuredmedia":[{"embeddable":true,"href":"http:\/\/wgphoto.pl\/t\/index.php?rest_route=\/wp\/v2\/media\/8980"}],"wp:attachment":[{"href":"http:\/\/wgphoto.pl\/t\/index.php?rest_route=%2Fwp%2Fv2%2Fmedia&parent=8979"}],"wp:term":[{"taxonomy":"category","embeddable":true,"href":"http:\/\/wgphoto.pl\/t\/index.php?rest_route=%2Fwp%2Fv2%2Fcategories&post=8979"},{"taxonomy":"post_tag","embeddable":true,"href":"http:\/\/wgphoto.pl\/t\/index.php?rest_route=%2Fwp%2Fv2%2Ftags&post=8979"}],"curies":[{"name":"wp","href":"https:\/\/api.w.org\/{rel}","templated":true}]}}