{"id":8985,"date":"2025-01-06T22:30:42","date_gmt":"2025-01-06T21:30:42","guid":{"rendered":"https:\/\/wgphoto.pl\/t\/?p=8985"},"modified":"2025-02-13T23:20:33","modified_gmt":"2025-02-13T22:20:33","slug":"szrenica","status":"publish","type":"post","link":"http:\/\/wgphoto.pl\/t\/?p=8985","title":{"rendered":"Szrenica"},"content":{"rendered":"\n<figure class=\"wp-block-image aligncenter size-full\"><img loading=\"lazy\" decoding=\"async\" width=\"1024\" height=\"686\" src=\"https:\/\/wgphoto.pl\/t\/wp-content\/uploads\/2025\/01\/imgp2479a.jpg\" alt=\"\" class=\"wp-image-8986\" srcset=\"http:\/\/wgphoto.pl\/t\/wp-content\/uploads\/2025\/01\/imgp2479a.jpg 1024w, http:\/\/wgphoto.pl\/t\/wp-content\/uploads\/2025\/01\/imgp2479a-300x201.jpg 300w, http:\/\/wgphoto.pl\/t\/wp-content\/uploads\/2025\/01\/imgp2479a-768x515.jpg 768w\" sizes=\"auto, (max-width: 1024px) 100vw, 1024px\" \/><\/figure>\n\n\n\n<div class=\"wp-block-group has-global-padding is-layout-constrained wp-block-group-is-layout-constrained\">\n<p>Odcinek Szklarska Por\u0119ba Huta &#8211; Szklarska Por\u0119ba G\u00f3rna. Jarek (810 602-3) mija jedno z niewielu miejsc mi\u0119dzy Harrachovem a Szklarsk\u0105 Por\u0119b\u0105, gdzie mo\u017cna sfotografowa\u0107 poci\u0105g na tle karkonoskich szczyt\u00f3w (ten po lewej to Szrenica), wi\u0119kszo\u015b\u0107 trasy wiedzie bowiem po\u015br\u00f3d wysokich \u015bwierk\u00f3w. 17.03.2013<\/p>\n<\/div>\n","protected":false},"excerpt":{"rendered":"<p>Odcinek Szklarska Por\u0119ba Huta &#8211; Szklarska Por\u0119ba G\u00f3rna. Jarek (810 602-3) mija jedno z niewielu miejsc mi\u0119dzy Harrachovem a Szklarsk\u0105 Por\u0119b\u0105, gdzie mo\u017cna sfotografowa\u0107 poci\u0105g na tle karkonoskich szczyt\u00f3w (ten po lewej to Szrenica), wi\u0119kszo\u015b\u0107 trasy wiedzie bowiem po\u015br\u00f3d wysokich \u015bwierk\u00f3w. 17.03.2013<\/p>\n","protected":false},"author":1,"featured_media":8986,"comment_status":"open","ping_status":"","sticky":false,"template":"","format":"standard","meta":{"footnotes":""},"categories":[2,55],"tags":[2848,92,114,249,933,27,44,934,2851,936,935],"class_list":["post-8985","post","type-post","status-publish","format-standard","has-post-thumbnail","hentry","category-kolej","category-rok-2013","tag-2013-03-17","tag-92","tag-gory","tag-goscinne-wystepy","tag-gwtr","tag-polska","tag-snieg","tag-szklarska-poreba-gorna","tag-szklarska-poreba-huta","tag-tab-cz036","tag-tab-pl251"],"_links":{"self":[{"href":"http:\/\/wgphoto.pl\/t\/index.php?rest_route=\/wp\/v2\/posts\/8985","targetHints":{"allow":["GET"]}}],"collection":[{"href":"http:\/\/wgphoto.pl\/t\/index.php?rest_route=\/wp\/v2\/posts"}],"about":[{"href":"http:\/\/wgphoto.pl\/t\/index.php?rest_route=\/wp\/v2\/types\/post"}],"author":[{"embeddable":true,"href":"http:\/\/wgphoto.pl\/t\/index.php?rest_route=\/wp\/v2\/users\/1"}],"replies":[{"embeddable":true,"href":"http:\/\/wgphoto.pl\/t\/index.php?rest_route=%2Fwp%2Fv2%2Fcomments&post=8985"}],"version-history":[{"count":1,"href":"http:\/\/wgphoto.pl\/t\/index.php?rest_route=\/wp\/v2\/posts\/8985\/revisions"}],"predecessor-version":[{"id":8987,"href":"http:\/\/wgphoto.pl\/t\/index.php?rest_route=\/wp\/v2\/posts\/8985\/revisions\/8987"}],"wp:featuredmedia":[{"embeddable":true,"href":"http:\/\/wgphoto.pl\/t\/index.php?rest_route=\/wp\/v2\/media\/8986"}],"wp:attachment":[{"href":"http:\/\/wgphoto.pl\/t\/index.php?rest_route=%2Fwp%2Fv2%2Fmedia&parent=8985"}],"wp:term":[{"taxonomy":"category","embeddable":true,"href":"http:\/\/wgphoto.pl\/t\/index.php?rest_route=%2Fwp%2Fv2%2Fcategories&post=8985"},{"taxonomy":"post_tag","embeddable":true,"href":"http:\/\/wgphoto.pl\/t\/index.php?rest_route=%2Fwp%2Fv2%2Ftags&post=8985"}],"curies":[{"name":"wp","href":"https:\/\/api.w.org\/{rel}","templated":true}]}}