{"id":8988,"date":"2025-01-06T22:31:45","date_gmt":"2025-01-06T21:31:45","guid":{"rendered":"https:\/\/wgphoto.pl\/t\/?p=8988"},"modified":"2025-01-06T22:31:45","modified_gmt":"2025-01-06T21:31:45","slug":"kontrola","status":"publish","type":"post","link":"http:\/\/wgphoto.pl\/t\/?p=8988","title":{"rendered":"Kontrola"},"content":{"rendered":"\n<figure class=\"wp-block-image aligncenter size-full\"><img loading=\"lazy\" decoding=\"async\" width=\"1024\" height=\"683\" src=\"https:\/\/wgphoto.pl\/t\/wp-content\/uploads\/2025\/01\/IMGP6762.jpg\" alt=\"\" class=\"wp-image-8989\" srcset=\"http:\/\/wgphoto.pl\/t\/wp-content\/uploads\/2025\/01\/IMGP6762.jpg 1024w, http:\/\/wgphoto.pl\/t\/wp-content\/uploads\/2025\/01\/IMGP6762-300x200.jpg 300w, http:\/\/wgphoto.pl\/t\/wp-content\/uploads\/2025\/01\/IMGP6762-768x512.jpg 768w\" sizes=\"auto, (max-width: 1024px) 100vw, 1024px\" \/><\/figure>\n\n\n\n<div class=\"wp-block-group has-global-padding is-layout-constrained wp-block-group-is-layout-constrained\">\n<p>Wroc\u0142aw, zajezdnia Borek. Wagon 19T 3116 za par\u0119 chwil wyjedzie do obs\u0142ugi dwudziestej brygady linii 33 PLUS. Na hali widoczni s\u0105 pracownicy nadzoru ruchu, kontroluj\u0105cy czysto\u015b\u0107 w pojazdach oraz &#8211; przy okazji &#8211; punktualno\u015b\u0107 wyjazd\u00f3w z zajezdni. 28.02.2012<\/p>\n<\/div>\n","protected":false},"excerpt":{"rendered":"<p>Wroc\u0142aw, zajezdnia Borek. Wagon 19T 3116 za par\u0119 chwil wyjedzie do obs\u0142ugi dwudziestej brygady linii 33 PLUS. Na hali widoczni s\u0105 pracownicy nadzoru ruchu, kontroluj\u0105cy czysto\u015b\u0107 w pojazdach oraz &#8211; przy okazji &#8211; punktualno\u015b\u0107 wyjazd\u00f3w z zajezdni. 28.02.2012<\/p>\n","protected":false},"author":1,"featured_media":8989,"comment_status":"open","ping_status":"","sticky":false,"template":"","format":"standard","meta":{"footnotes":""},"categories":[46,3],"tags":[2852,173,42,154,27,1493,216,44,439,41,138],"class_list":["post-8988","post","type-post","status-publish","format-standard","has-post-thumbnail","hentry","category-rok-2012","category-tramwaj","tag-2012-02-28","tag-koncowki","tag-mpk-wroclaw","tag-noc","tag-polska","tag-skoda-19t","tag-skoda-elektra","tag-snieg","tag-we-fabryce","tag-wroclaw","tag-zajezdnia"],"_links":{"self":[{"href":"http:\/\/wgphoto.pl\/t\/index.php?rest_route=\/wp\/v2\/posts\/8988","targetHints":{"allow":["GET"]}}],"collection":[{"href":"http:\/\/wgphoto.pl\/t\/index.php?rest_route=\/wp\/v2\/posts"}],"about":[{"href":"http:\/\/wgphoto.pl\/t\/index.php?rest_route=\/wp\/v2\/types\/post"}],"author":[{"embeddable":true,"href":"http:\/\/wgphoto.pl\/t\/index.php?rest_route=\/wp\/v2\/users\/1"}],"replies":[{"embeddable":true,"href":"http:\/\/wgphoto.pl\/t\/index.php?rest_route=%2Fwp%2Fv2%2Fcomments&post=8988"}],"version-history":[{"count":1,"href":"http:\/\/wgphoto.pl\/t\/index.php?rest_route=\/wp\/v2\/posts\/8988\/revisions"}],"predecessor-version":[{"id":8990,"href":"http:\/\/wgphoto.pl\/t\/index.php?rest_route=\/wp\/v2\/posts\/8988\/revisions\/8990"}],"wp:featuredmedia":[{"embeddable":true,"href":"http:\/\/wgphoto.pl\/t\/index.php?rest_route=\/wp\/v2\/media\/8989"}],"wp:attachment":[{"href":"http:\/\/wgphoto.pl\/t\/index.php?rest_route=%2Fwp%2Fv2%2Fmedia&parent=8988"}],"wp:term":[{"taxonomy":"category","embeddable":true,"href":"http:\/\/wgphoto.pl\/t\/index.php?rest_route=%2Fwp%2Fv2%2Fcategories&post=8988"},{"taxonomy":"post_tag","embeddable":true,"href":"http:\/\/wgphoto.pl\/t\/index.php?rest_route=%2Fwp%2Fv2%2Ftags&post=8988"}],"curies":[{"name":"wp","href":"https:\/\/api.w.org\/{rel}","templated":true}]}}