{"id":9015,"date":"2025-01-06T22:42:49","date_gmt":"2025-01-06T21:42:49","guid":{"rendered":"https:\/\/wgphoto.pl\/t\/?p=9015"},"modified":"2025-01-06T22:44:18","modified_gmt":"2025-01-06T21:44:18","slug":"male-svatonovice-o-poranku","status":"publish","type":"post","link":"http:\/\/wgphoto.pl\/t\/?p=9015","title":{"rendered":"Mal\u00e9 Svato\u0148ovice o poranku"},"content":{"rendered":"\n<figure class=\"wp-block-image aligncenter size-full\"><img loading=\"lazy\" decoding=\"async\" width=\"1024\" height=\"685\" src=\"https:\/\/wgphoto.pl\/t\/wp-content\/uploads\/2025\/01\/IMGP9937.jpg\" alt=\"\" class=\"wp-image-9016\" srcset=\"http:\/\/wgphoto.pl\/t\/wp-content\/uploads\/2025\/01\/IMGP9937.jpg 1024w, http:\/\/wgphoto.pl\/t\/wp-content\/uploads\/2025\/01\/IMGP9937-300x201.jpg 300w, http:\/\/wgphoto.pl\/t\/wp-content\/uploads\/2025\/01\/IMGP9937-768x514.jpg 768w\" sizes=\"auto, (max-width: 1024px) 100vw, 1024px\" \/><\/figure>\n\n\n\n<div class=\"wp-block-group has-global-padding is-layout-constrained wp-block-group-is-layout-constrained\">\n<p>Taka wsp\u00f3\u0142czesna [2025] refleksja&#8230; Jednak niekt\u00f3re zdj\u0119cia z odtwarzanego archiwum maj\u0105 tragiczn\u0105 obr\u00f3bk\u0119. Dodatkowo zauwa\u017cy\u0142em, \u017ce pierwsze kilkaset zdj\u0119\u0107 z poprzedniej strony wyparowa\u0142o. To tym bardziej zniech\u0119ca do odtwarzania zasob\u00f3w.<\/p>\n\n\n\n<p>750 346-9 z poci\u0105giem przyspieszonym 1782 relacji Hradec Kr\u00e1love hl.n. &#8211; Trutnov hl.n. krzy\u017cuje na tytu\u0142owej stacji z wagonem motorowym 854 023-9 o imieniu Lucka, jad\u0105cym jako poc. osob. 15407 z Trutnova hl.n. do Jarom\u011b\u0159e. 13.10.2012<\/p>\n<\/div>\n","protected":false},"excerpt":{"rendered":"<p>Taka wsp\u00f3\u0142czesna [2025] refleksja&#8230; Jednak niekt\u00f3re zdj\u0119cia z odtwarzanego archiwum maj\u0105 tragiczn\u0105 obr\u00f3bk\u0119. Dodatkowo zauwa\u017cy\u0142em, \u017ce pierwsze kilkaset zdj\u0119\u0107 z poprzedniej strony wyparowa\u0142o. To tym bardziej zniech\u0119ca do odtwarzania zasob\u00f3w. 750 346-9 z poci\u0105giem przyspieszonym 1782 relacji Hradec Kr\u00e1love hl.n. &#8211; Trutnov hl.n. krzy\u017cuje na tytu\u0142owej stacji z wagonem motorowym 854 023-9 o imieniu Lucka, [&hellip;]<\/p>\n","protected":false},"author":1,"featured_media":9016,"comment_status":"open","ping_status":"","sticky":false,"template":"","format":"standard","meta":{"footnotes":""},"categories":[2,46],"tags":[1870,1467,552,49,2855,176,1917],"class_list":["post-9015","post","type-post","status-publish","format-standard","has-post-thumbnail","hentry","category-kolej","category-rok-2012","tag-2012-10-13","tag-1467","tag-552","tag-czechy","tag-male-svatonovice","tag-rano","tag-tab-cz032"],"_links":{"self":[{"href":"http:\/\/wgphoto.pl\/t\/index.php?rest_route=\/wp\/v2\/posts\/9015","targetHints":{"allow":["GET"]}}],"collection":[{"href":"http:\/\/wgphoto.pl\/t\/index.php?rest_route=\/wp\/v2\/posts"}],"about":[{"href":"http:\/\/wgphoto.pl\/t\/index.php?rest_route=\/wp\/v2\/types\/post"}],"author":[{"embeddable":true,"href":"http:\/\/wgphoto.pl\/t\/index.php?rest_route=\/wp\/v2\/users\/1"}],"replies":[{"embeddable":true,"href":"http:\/\/wgphoto.pl\/t\/index.php?rest_route=%2Fwp%2Fv2%2Fcomments&post=9015"}],"version-history":[{"count":3,"href":"http:\/\/wgphoto.pl\/t\/index.php?rest_route=\/wp\/v2\/posts\/9015\/revisions"}],"predecessor-version":[{"id":9019,"href":"http:\/\/wgphoto.pl\/t\/index.php?rest_route=\/wp\/v2\/posts\/9015\/revisions\/9019"}],"wp:featuredmedia":[{"embeddable":true,"href":"http:\/\/wgphoto.pl\/t\/index.php?rest_route=\/wp\/v2\/media\/9016"}],"wp:attachment":[{"href":"http:\/\/wgphoto.pl\/t\/index.php?rest_route=%2Fwp%2Fv2%2Fmedia&parent=9015"}],"wp:term":[{"taxonomy":"category","embeddable":true,"href":"http:\/\/wgphoto.pl\/t\/index.php?rest_route=%2Fwp%2Fv2%2Fcategories&post=9015"},{"taxonomy":"post_tag","embeddable":true,"href":"http:\/\/wgphoto.pl\/t\/index.php?rest_route=%2Fwp%2Fv2%2Ftags&post=9015"}],"curies":[{"name":"wp","href":"https:\/\/api.w.org\/{rel}","templated":true}]}}