{"id":9135,"date":"2025-01-07T17:37:16","date_gmt":"2025-01-07T16:37:16","guid":{"rendered":"https:\/\/wgphoto.pl\/t\/?p=9135"},"modified":"2025-01-07T17:37:16","modified_gmt":"2025-01-07T16:37:16","slug":"podziemna-petla","status":"publish","type":"post","link":"http:\/\/wgphoto.pl\/t\/?p=9135","title":{"rendered":"Podziemna p\u0119tla"},"content":{"rendered":"\n<figure class=\"wp-block-image aligncenter size-full\"><img loading=\"lazy\" decoding=\"async\" width=\"1024\" height=\"685\" src=\"https:\/\/wgphoto.pl\/t\/wp-content\/uploads\/2025\/01\/IMGP0967.jpg\" alt=\"\" class=\"wp-image-9136\" srcset=\"http:\/\/wgphoto.pl\/t\/wp-content\/uploads\/2025\/01\/IMGP0967.jpg 1024w, http:\/\/wgphoto.pl\/t\/wp-content\/uploads\/2025\/01\/IMGP0967-300x201.jpg 300w, http:\/\/wgphoto.pl\/t\/wp-content\/uploads\/2025\/01\/IMGP0967-768x514.jpg 768w\" sizes=\"auto, (max-width: 1024px) 100vw, 1024px\" \/><\/figure>\n\n\n\n<div class=\"wp-block-group has-global-padding is-layout-constrained wp-block-group-is-layout-constrained\">\n<p>B\u0119d\u0105c w tramwajowych podziemiach Wiednia nie mo\u017cna omin\u0105\u0107 p\u0119tli Schottentor. Tramwaje zje\u017cd\u017caj\u0105 tu na poziom -1 tylko po to, by zawr\u00f3ci\u0107. Na poziomie zero (dok\u0142adnie nad widocznym torem) znajduje si\u0119 druga p\u0119tla, wykorzystywana przez linie przyje\u017cd\u017caj\u0105ce z innego kierunku. Przyporz\u0105dkowanie linii do dw\u00f3ch p\u0119tli s\u0142u\u017cy kierunkowemu podzia\u0142owi ruchu &#8211; chc\u0105c jecha\u0107 tras\u0105 przez W\u00e4hringer Stra\u00dfe (linie: 37, 38, 40, 41, 42) p\u00f3jdziemy na przystanek dolny, chc\u0105c za\u015b jecha\u0107 przez Alser Stra\u00dfe (linie 43 i 44) udamy si\u0119 na poziom zero.<br>Przy okazji na obrazku wida\u0107, \u017ce jeszcze w 2009 roku mo\u017cna by\u0142o spotka\u0107 tramwaj bez luster i wy\u015bwietlaczy oraz \u017ce wysuwany dolny stopie\u0144 w nowszej serii helmut\u00f3w bardzo si\u0119 tutaj przydaje, skoro peron na p\u0119tli dolnej ma wysoko\u015b\u0107 &#8222;grunwaldzk\u0105&#8221;. 11.12.2009<\/p>\n<\/div>\n","protected":false},"excerpt":{"rendered":"<p>B\u0119d\u0105c w tramwajowych podziemiach Wiednia nie mo\u017cna omin\u0105\u0107 p\u0119tli Schottentor. Tramwaje zje\u017cd\u017caj\u0105 tu na poziom -1 tylko po to, by zawr\u00f3ci\u0107. Na poziomie zero (dok\u0142adnie nad widocznym torem) znajduje si\u0119 druga p\u0119tla, wykorzystywana przez linie przyje\u017cd\u017caj\u0105ce z innego kierunku. Przyporz\u0105dkowanie linii do dw\u00f3ch p\u0119tli s\u0142u\u017cy kierunkowemu podzia\u0142owi ruchu &#8211; chc\u0105c jecha\u0107 tras\u0105 przez W\u00e4hringer Stra\u00dfe [&hellip;]<\/p>\n","protected":false},"author":1,"featured_media":9136,"comment_status":"open","ping_status":"","sticky":false,"template":"","format":"standard","meta":{"footnotes":""},"categories":[169,3],"tags":[268,9,581,101,151,97,98],"class_list":["post-9135","post","type-post","status-publish","format-standard","has-post-thumbnail","hentry","category-rok-2009","category-tramwaj","tag-2009-12-11","tag-austria","tag-e2","tag-gt6","tag-ludzie","tag-wieden","tag-wiener-linien"],"_links":{"self":[{"href":"http:\/\/wgphoto.pl\/t\/index.php?rest_route=\/wp\/v2\/posts\/9135","targetHints":{"allow":["GET"]}}],"collection":[{"href":"http:\/\/wgphoto.pl\/t\/index.php?rest_route=\/wp\/v2\/posts"}],"about":[{"href":"http:\/\/wgphoto.pl\/t\/index.php?rest_route=\/wp\/v2\/types\/post"}],"author":[{"embeddable":true,"href":"http:\/\/wgphoto.pl\/t\/index.php?rest_route=\/wp\/v2\/users\/1"}],"replies":[{"embeddable":true,"href":"http:\/\/wgphoto.pl\/t\/index.php?rest_route=%2Fwp%2Fv2%2Fcomments&post=9135"}],"version-history":[{"count":1,"href":"http:\/\/wgphoto.pl\/t\/index.php?rest_route=\/wp\/v2\/posts\/9135\/revisions"}],"predecessor-version":[{"id":9137,"href":"http:\/\/wgphoto.pl\/t\/index.php?rest_route=\/wp\/v2\/posts\/9135\/revisions\/9137"}],"wp:featuredmedia":[{"embeddable":true,"href":"http:\/\/wgphoto.pl\/t\/index.php?rest_route=\/wp\/v2\/media\/9136"}],"wp:attachment":[{"href":"http:\/\/wgphoto.pl\/t\/index.php?rest_route=%2Fwp%2Fv2%2Fmedia&parent=9135"}],"wp:term":[{"taxonomy":"category","embeddable":true,"href":"http:\/\/wgphoto.pl\/t\/index.php?rest_route=%2Fwp%2Fv2%2Fcategories&post=9135"},{"taxonomy":"post_tag","embeddable":true,"href":"http:\/\/wgphoto.pl\/t\/index.php?rest_route=%2Fwp%2Fv2%2Ftags&post=9135"}],"curies":[{"name":"wp","href":"https:\/\/api.w.org\/{rel}","templated":true}]}}