{"id":9138,"date":"2025-01-07T17:38:22","date_gmt":"2025-01-07T16:38:22","guid":{"rendered":"https:\/\/wgphoto.pl\/t\/?p=9138"},"modified":"2025-01-07T17:38:22","modified_gmt":"2025-01-07T16:38:22","slug":"slupek-do-gory-noga","status":"publish","type":"post","link":"http:\/\/wgphoto.pl\/t\/?p=9138","title":{"rendered":"S\u0142upek do g\u00f3ry nog\u0105"},"content":{"rendered":"\n<figure class=\"wp-block-image aligncenter size-full\"><img loading=\"lazy\" decoding=\"async\" width=\"1300\" height=\"813\" src=\"https:\/\/wgphoto.pl\/t\/wp-content\/uploads\/2025\/01\/IMGP1230.jpg\" alt=\"\" class=\"wp-image-9140\" srcset=\"http:\/\/wgphoto.pl\/t\/wp-content\/uploads\/2025\/01\/IMGP1230.jpg 1300w, http:\/\/wgphoto.pl\/t\/wp-content\/uploads\/2025\/01\/IMGP1230-300x188.jpg 300w, http:\/\/wgphoto.pl\/t\/wp-content\/uploads\/2025\/01\/IMGP1230-768x480.jpg 768w\" sizes=\"auto, (max-width: 1300px) 100vw, 1300px\" \/><\/figure>\n\n\n\n<div class=\"wp-block-group has-global-padding is-layout-constrained wp-block-group-is-layout-constrained\">\n<p>Zestaw E<sub>2<\/sub>+c<sub>5<\/sub> 4302+1502 (jest par\u0119 zajezdni, kt\u00f3re tak \u0142adnie numeracyjnie \u0142\u0105cz\u0105 sk\u0142ady) zatrzyma\u0142 si\u0119 na przystanku pod peronami nowego dworca g\u0142\u00f3wnego w Wiedniu. Jest tu pusto i nieciekawie, bo dworzec pomimo cz\u0119\u015bciowego otwarcia obs\u0142uguje bardzo niewiele poci\u0105g\u00f3w, a nowa dzielnica obejmuj\u0105ca tereny oko\u0142okolejowe jest dopiero w budowie. 2013-12-23<\/p>\n<\/div>\n","protected":false},"excerpt":{"rendered":"<p>Zestaw E2+c5 4302+1502 (jest par\u0119 zajezdni, kt\u00f3re tak \u0142adnie numeracyjnie \u0142\u0105cz\u0105 sk\u0142ady) zatrzyma\u0142 si\u0119 na przystanku pod peronami nowego dworca g\u0142\u00f3wnego w Wiedniu. Jest tu pusto i nieciekawie, bo dworzec pomimo cz\u0119\u015bciowego otwarcia obs\u0142uguje bardzo niewiele poci\u0105g\u00f3w, a nowa dzielnica obejmuj\u0105ca tereny oko\u0142okolejowe jest dopiero w budowie. 2013-12-23<\/p>\n","protected":false},"author":1,"featured_media":9140,"comment_status":"open","ping_status":"","sticky":false,"template":"","format":"standard","meta":{"footnotes":""},"categories":[55,3],"tags":[826,9,581,101,154,219,380,97,98],"class_list":["post-9138","post","type-post","status-publish","format-standard","has-post-thumbnail","hentry","category-rok-2013","category-tramwaj","tag-2013-12-23","tag-austria","tag-e2","tag-gt6","tag-noc","tag-przystanek","tag-spod-dworca","tag-wieden","tag-wiener-linien"],"_links":{"self":[{"href":"http:\/\/wgphoto.pl\/t\/index.php?rest_route=\/wp\/v2\/posts\/9138","targetHints":{"allow":["GET"]}}],"collection":[{"href":"http:\/\/wgphoto.pl\/t\/index.php?rest_route=\/wp\/v2\/posts"}],"about":[{"href":"http:\/\/wgphoto.pl\/t\/index.php?rest_route=\/wp\/v2\/types\/post"}],"author":[{"embeddable":true,"href":"http:\/\/wgphoto.pl\/t\/index.php?rest_route=\/wp\/v2\/users\/1"}],"replies":[{"embeddable":true,"href":"http:\/\/wgphoto.pl\/t\/index.php?rest_route=%2Fwp%2Fv2%2Fcomments&post=9138"}],"version-history":[{"count":1,"href":"http:\/\/wgphoto.pl\/t\/index.php?rest_route=\/wp\/v2\/posts\/9138\/revisions"}],"predecessor-version":[{"id":9141,"href":"http:\/\/wgphoto.pl\/t\/index.php?rest_route=\/wp\/v2\/posts\/9138\/revisions\/9141"}],"wp:featuredmedia":[{"embeddable":true,"href":"http:\/\/wgphoto.pl\/t\/index.php?rest_route=\/wp\/v2\/media\/9140"}],"wp:attachment":[{"href":"http:\/\/wgphoto.pl\/t\/index.php?rest_route=%2Fwp%2Fv2%2Fmedia&parent=9138"}],"wp:term":[{"taxonomy":"category","embeddable":true,"href":"http:\/\/wgphoto.pl\/t\/index.php?rest_route=%2Fwp%2Fv2%2Fcategories&post=9138"},{"taxonomy":"post_tag","embeddable":true,"href":"http:\/\/wgphoto.pl\/t\/index.php?rest_route=%2Fwp%2Fv2%2Ftags&post=9138"}],"curies":[{"name":"wp","href":"https:\/\/api.w.org\/{rel}","templated":true}]}}