{"id":9183,"date":"2025-01-09T17:35:08","date_gmt":"2025-01-09T16:35:08","guid":{"rendered":"https:\/\/wgphoto.pl\/t\/?p=9183"},"modified":"2025-01-09T17:35:08","modified_gmt":"2025-01-09T16:35:08","slug":"stopiatka-i-szybka-skoda","status":"publish","type":"post","link":"http:\/\/wgphoto.pl\/t\/?p=9183","title":{"rendered":"Stopi\u0105tka i szybka \u0160koda"},"content":{"rendered":"\n<figure class=\"wp-block-image aligncenter size-full\"><img loading=\"lazy\" decoding=\"async\" width=\"1200\" height=\"800\" src=\"https:\/\/wgphoto.pl\/t\/wp-content\/uploads\/2025\/01\/IMGP9640.jpg\" alt=\"\" class=\"wp-image-9184\" srcset=\"http:\/\/wgphoto.pl\/t\/wp-content\/uploads\/2025\/01\/IMGP9640.jpg 1200w, http:\/\/wgphoto.pl\/t\/wp-content\/uploads\/2025\/01\/IMGP9640-300x200.jpg 300w, http:\/\/wgphoto.pl\/t\/wp-content\/uploads\/2025\/01\/IMGP9640-768x512.jpg 768w\" sizes=\"auto, (max-width: 1200px) 100vw, 1200px\" \/><\/figure>\n\n\n\n<div class=\"wp-block-group has-global-padding is-layout-constrained wp-block-group-is-layout-constrained\">\n<p>Ciasny portret z modernistycznym budynkiem Poczty G\u0142\u00f3wnej w tle. Kadr mo\u017ce nie powala, ale to jedno z tych miejsc, w kt\u00f3rych zdj\u0119\u0107 si\u0119 nie robi &#8211; przede wszystkim dlatego, \u017ce nie ma okazji, a poza tym teren pomi\u0119dzy estakadami na tzw. placu Spo\u0142ecznym jest tyle\u017c niedost\u0119pny co fotograficznie ci\u0119\u017cki do ugryzienia. Tego jednak dnia, korzystaj\u0105c z dw\u00f3ch kilkunastominutowych postoj\u00f3w linii T2, postanowi\u0142em zmierzy\u0107 si\u0119 z tym miejscem. 09.06.2018<\/p>\n<\/div>\n","protected":false},"excerpt":{"rendered":"<p>Ciasny portret z modernistycznym budynkiem Poczty G\u0142\u00f3wnej w tle. Kadr mo\u017ce nie powala, ale to jedno z tych miejsc, w kt\u00f3rych zdj\u0119\u0107 si\u0119 nie robi &#8211; przede wszystkim dlatego, \u017ce nie ma okazji, a poza tym teren pomi\u0119dzy estakadami na tzw. placu Spo\u0142ecznym jest tyle\u017c niedost\u0119pny co fotograficznie ci\u0119\u017cki do ugryzienia. Tego jednak dnia, korzystaj\u0105c [&hellip;]<\/p>\n","protected":false},"author":1,"featured_media":9184,"comment_status":"open","ping_status":"","sticky":false,"template":"","format":"standard","meta":{"footnotes":""},"categories":[156,3],"tags":[43,2640,42,27,215,216,439,90,41],"class_list":["post-9183","post","type-post","status-publish","format-standard","has-post-thumbnail","hentry","category-rok-2018","category-tramwaj","tag-105nwr","tag-2018-06-09","tag-mpk-wroclaw","tag-polska","tag-skoda-16t","tag-skoda-elektra","tag-we-fabryce","tag-wieczorem","tag-wroclaw"],"_links":{"self":[{"href":"http:\/\/wgphoto.pl\/t\/index.php?rest_route=\/wp\/v2\/posts\/9183","targetHints":{"allow":["GET"]}}],"collection":[{"href":"http:\/\/wgphoto.pl\/t\/index.php?rest_route=\/wp\/v2\/posts"}],"about":[{"href":"http:\/\/wgphoto.pl\/t\/index.php?rest_route=\/wp\/v2\/types\/post"}],"author":[{"embeddable":true,"href":"http:\/\/wgphoto.pl\/t\/index.php?rest_route=\/wp\/v2\/users\/1"}],"replies":[{"embeddable":true,"href":"http:\/\/wgphoto.pl\/t\/index.php?rest_route=%2Fwp%2Fv2%2Fcomments&post=9183"}],"version-history":[{"count":1,"href":"http:\/\/wgphoto.pl\/t\/index.php?rest_route=\/wp\/v2\/posts\/9183\/revisions"}],"predecessor-version":[{"id":9185,"href":"http:\/\/wgphoto.pl\/t\/index.php?rest_route=\/wp\/v2\/posts\/9183\/revisions\/9185"}],"wp:featuredmedia":[{"embeddable":true,"href":"http:\/\/wgphoto.pl\/t\/index.php?rest_route=\/wp\/v2\/media\/9184"}],"wp:attachment":[{"href":"http:\/\/wgphoto.pl\/t\/index.php?rest_route=%2Fwp%2Fv2%2Fmedia&parent=9183"}],"wp:term":[{"taxonomy":"category","embeddable":true,"href":"http:\/\/wgphoto.pl\/t\/index.php?rest_route=%2Fwp%2Fv2%2Fcategories&post=9183"},{"taxonomy":"post_tag","embeddable":true,"href":"http:\/\/wgphoto.pl\/t\/index.php?rest_route=%2Fwp%2Fv2%2Ftags&post=9183"}],"curies":[{"name":"wp","href":"https:\/\/api.w.org\/{rel}","templated":true}]}}