{"id":9201,"date":"2025-01-09T17:42:45","date_gmt":"2025-01-09T16:42:45","guid":{"rendered":"https:\/\/wgphoto.pl\/t\/?p=9201"},"modified":"2025-01-09T17:42:45","modified_gmt":"2025-01-09T16:42:45","slug":"nowy-szeged-w-trakcie-oblotu","status":"publish","type":"post","link":"http:\/\/wgphoto.pl\/t\/?p=9201","title":{"rendered":"Nowy Szeged w trakcie oblotu"},"content":{"rendered":"\n<figure class=\"wp-block-image aligncenter size-full\"><img loading=\"lazy\" decoding=\"async\" width=\"1200\" height=\"800\" src=\"https:\/\/wgphoto.pl\/t\/wp-content\/uploads\/2025\/01\/IMGP2604.jpg\" alt=\"\" class=\"wp-image-9202\" srcset=\"http:\/\/wgphoto.pl\/t\/wp-content\/uploads\/2025\/01\/IMGP2604.jpg 1200w, http:\/\/wgphoto.pl\/t\/wp-content\/uploads\/2025\/01\/IMGP2604-300x200.jpg 300w, http:\/\/wgphoto.pl\/t\/wp-content\/uploads\/2025\/01\/IMGP2604-768x512.jpg 768w\" sizes=\"auto, (max-width: 1200px) 100vw, 1200px\" \/><\/figure>\n\n\n\n<div class=\"wp-block-group has-global-padding is-layout-constrained wp-block-group-is-layout-constrained\">\n<p>Pojawi\u0142o si\u0119 tu ju\u017c uj\u0119cie wcze\u015bniejsze oraz p\u00f3\u017aniejsze, ale istnieje jeszcze po\u015brednie. Wcze\u015bniej go nie prezentowa\u0142em, poniewa\u017c ze wzgl\u0119du na fatalne \u015bwiat\u0142o nie potrafi\u0142em go obrobi\u0107. Mo\u017cna to zreszt\u0105 por\u00f3wna\u0107 z uj\u0119ciem p\u00f3\u017aniejszym, kt\u00f3re r\u00f3wnie\u017c ma fataln\u0105 obr\u00f3bk\u0119 (&#8222;wcze\u015bniejsze&#8221; obrobi\u0142em teraz na nowo, wi\u0119c te\u017c ju\u017c nie k\u0142uje w oczy). 2015-08-21<\/p>\n<\/div>\n","protected":false},"excerpt":{"rendered":"<p>Pojawi\u0142o si\u0119 tu ju\u017c uj\u0119cie wcze\u015bniejsze oraz p\u00f3\u017aniejsze, ale istnieje jeszcze po\u015brednie. Wcze\u015bniej go nie prezentowa\u0142em, poniewa\u017c ze wzgl\u0119du na fatalne \u015bwiat\u0142o nie potrafi\u0142em go obrobi\u0107. Mo\u017cna to zreszt\u0105 por\u00f3wna\u0107 z uj\u0119ciem p\u00f3\u017aniejszym, kt\u00f3re r\u00f3wnie\u017c ma fataln\u0105 obr\u00f3bk\u0119 (&#8222;wcze\u015bniejsze&#8221; obrobi\u0142em teraz na nowo, wi\u0119c te\u017c ju\u017c nie k\u0142uje w oczy). 2015-08-21<\/p>\n","protected":false},"author":1,"featured_media":9202,"comment_status":"open","ping_status":"","sticky":false,"template":"","format":"standard","meta":{"footnotes":""},"categories":[2,104],"tags":[109,2176,1813,94,106,2869,107,105],"class_list":["post-9201","post","type-post","status-publish","format-standard","has-post-thumbnail","hentry","category-kolej","category-rok-2015","tag-2015-08-21","tag-bzmot","tag-mav","tag-na-kolejowym-koncu-swiata","tag-segedyn","tag-ujszeged","tag-wakacje-2015","tag-wegry"],"_links":{"self":[{"href":"http:\/\/wgphoto.pl\/t\/index.php?rest_route=\/wp\/v2\/posts\/9201","targetHints":{"allow":["GET"]}}],"collection":[{"href":"http:\/\/wgphoto.pl\/t\/index.php?rest_route=\/wp\/v2\/posts"}],"about":[{"href":"http:\/\/wgphoto.pl\/t\/index.php?rest_route=\/wp\/v2\/types\/post"}],"author":[{"embeddable":true,"href":"http:\/\/wgphoto.pl\/t\/index.php?rest_route=\/wp\/v2\/users\/1"}],"replies":[{"embeddable":true,"href":"http:\/\/wgphoto.pl\/t\/index.php?rest_route=%2Fwp%2Fv2%2Fcomments&post=9201"}],"version-history":[{"count":1,"href":"http:\/\/wgphoto.pl\/t\/index.php?rest_route=\/wp\/v2\/posts\/9201\/revisions"}],"predecessor-version":[{"id":9203,"href":"http:\/\/wgphoto.pl\/t\/index.php?rest_route=\/wp\/v2\/posts\/9201\/revisions\/9203"}],"wp:featuredmedia":[{"embeddable":true,"href":"http:\/\/wgphoto.pl\/t\/index.php?rest_route=\/wp\/v2\/media\/9202"}],"wp:attachment":[{"href":"http:\/\/wgphoto.pl\/t\/index.php?rest_route=%2Fwp%2Fv2%2Fmedia&parent=9201"}],"wp:term":[{"taxonomy":"category","embeddable":true,"href":"http:\/\/wgphoto.pl\/t\/index.php?rest_route=%2Fwp%2Fv2%2Fcategories&post=9201"},{"taxonomy":"post_tag","embeddable":true,"href":"http:\/\/wgphoto.pl\/t\/index.php?rest_route=%2Fwp%2Fv2%2Ftags&post=9201"}],"curies":[{"name":"wp","href":"https:\/\/api.w.org\/{rel}","templated":true}]}}