{"id":9210,"date":"2025-01-09T17:47:43","date_gmt":"2025-01-09T16:47:43","guid":{"rendered":"https:\/\/wgphoto.pl\/t\/?p=9210"},"modified":"2025-01-09T17:47:43","modified_gmt":"2025-01-09T16:47:43","slug":"landwasserviadukt","status":"publish","type":"post","link":"http:\/\/wgphoto.pl\/t\/?p=9210","title":{"rendered":"Landwasserviadukt"},"content":{"rendered":"\n<figure class=\"wp-block-image aligncenter size-full\"><img loading=\"lazy\" decoding=\"async\" width=\"1200\" height=\"795\" src=\"https:\/\/wgphoto.pl\/t\/wp-content\/uploads\/2025\/01\/IMGP8181.jpg\" alt=\"\" class=\"wp-image-9211\" srcset=\"http:\/\/wgphoto.pl\/t\/wp-content\/uploads\/2025\/01\/IMGP8181.jpg 1200w, http:\/\/wgphoto.pl\/t\/wp-content\/uploads\/2025\/01\/IMGP8181-300x199.jpg 300w, http:\/\/wgphoto.pl\/t\/wp-content\/uploads\/2025\/01\/IMGP8181-768x509.jpg 768w\" sizes=\"auto, (max-width: 1200px) 100vw, 1200px\" \/><\/figure>\n\n\n\n<div class=\"wp-block-group has-global-padding is-layout-constrained wp-block-group-is-layout-constrained\">\n<p>Tr\u00f3jwagonowa jednostka Stadlera prowadzi poci\u0105g IR 1156 relacji St. Moritz &#8211; Chur. Sk\u0142ad pokonuje w\u0142a\u015bnie jedno z najbardziej znanych miejsc na sieci Kolei Retyckich &#8211; tytu\u0142owy wiadukt nad potokiem Landwasser. Przyjecha\u0142em tam na trzy poci\u0105gi, ale powy\u017csze foto jest jedynym, jakie uda\u0142o mi si\u0119 zrobi\u0107 przed nadej\u015bciem chmur. Sama miejsc\u00f3wka jest oczywi\u015bcie bardzo sympatyczna, ale prawd\u0119 m\u00f3wi\u0105c robi wi\u0119ksze wra\u017cenie na zdj\u0119ciach ni\u017c w rzeczywisto\u015bci. Gdy siedzia\u0142em tam na miejscu to wszystko wydawa\u0142o mi si\u0119 takie normalne, pewnie dlatego \u017ce mia\u0142em to na wyci\u0105gniecie r\u0119ki. \ud83d\ude42 2018-03-25<\/p>\n<\/div>\n","protected":false},"excerpt":{"rendered":"<p>Tr\u00f3jwagonowa jednostka Stadlera prowadzi poci\u0105g IR 1156 relacji St. Moritz &#8211; Chur. Sk\u0142ad pokonuje w\u0142a\u015bnie jedno z najbardziej znanych miejsc na sieci Kolei Retyckich &#8211; tytu\u0142owy wiadukt nad potokiem Landwasser. Przyjecha\u0142em tam na trzy poci\u0105gi, ale powy\u017csze foto jest jedynym, jakie uda\u0142o mi si\u0119 zrobi\u0107 przed nadej\u015bciem chmur. Sama miejsc\u00f3wka jest oczywi\u015bcie bardzo sympatyczna, ale [&hellip;]<\/p>\n","protected":false},"author":1,"featured_media":9211,"comment_status":"open","ping_status":"","sticky":false,"template":"","format":"standard","meta":{"footnotes":""},"categories":[2,156],"tags":[1063,2870,45,737,244,735,183,186],"class_list":["post-9210","post","type-post","status-publish","format-standard","has-post-thumbnail","hentry","category-kolej","category-rok-2018","tag-2018-03-25","tag-filisur","tag-most","tag-rhatische-bahn","tag-skaly","tag-stadler-allegra","tag-suissetrip-2018","tag-szwajcaria"],"_links":{"self":[{"href":"http:\/\/wgphoto.pl\/t\/index.php?rest_route=\/wp\/v2\/posts\/9210","targetHints":{"allow":["GET"]}}],"collection":[{"href":"http:\/\/wgphoto.pl\/t\/index.php?rest_route=\/wp\/v2\/posts"}],"about":[{"href":"http:\/\/wgphoto.pl\/t\/index.php?rest_route=\/wp\/v2\/types\/post"}],"author":[{"embeddable":true,"href":"http:\/\/wgphoto.pl\/t\/index.php?rest_route=\/wp\/v2\/users\/1"}],"replies":[{"embeddable":true,"href":"http:\/\/wgphoto.pl\/t\/index.php?rest_route=%2Fwp%2Fv2%2Fcomments&post=9210"}],"version-history":[{"count":1,"href":"http:\/\/wgphoto.pl\/t\/index.php?rest_route=\/wp\/v2\/posts\/9210\/revisions"}],"predecessor-version":[{"id":9212,"href":"http:\/\/wgphoto.pl\/t\/index.php?rest_route=\/wp\/v2\/posts\/9210\/revisions\/9212"}],"wp:featuredmedia":[{"embeddable":true,"href":"http:\/\/wgphoto.pl\/t\/index.php?rest_route=\/wp\/v2\/media\/9211"}],"wp:attachment":[{"href":"http:\/\/wgphoto.pl\/t\/index.php?rest_route=%2Fwp%2Fv2%2Fmedia&parent=9210"}],"wp:term":[{"taxonomy":"category","embeddable":true,"href":"http:\/\/wgphoto.pl\/t\/index.php?rest_route=%2Fwp%2Fv2%2Fcategories&post=9210"},{"taxonomy":"post_tag","embeddable":true,"href":"http:\/\/wgphoto.pl\/t\/index.php?rest_route=%2Fwp%2Fv2%2Ftags&post=9210"}],"curies":[{"name":"wp","href":"https:\/\/api.w.org\/{rel}","templated":true}]}}