{"id":9216,"date":"2025-01-09T17:51:42","date_gmt":"2025-01-09T16:51:42","guid":{"rendered":"https:\/\/wgphoto.pl\/t\/?p=9216"},"modified":"2025-01-09T17:51:42","modified_gmt":"2025-01-09T16:51:42","slug":"watpliwa-nagroda","status":"publish","type":"post","link":"http:\/\/wgphoto.pl\/t\/?p=9216","title":{"rendered":"W\u0105tpliwa nagroda"},"content":{"rendered":"\n<figure class=\"wp-block-image aligncenter size-full\"><img loading=\"lazy\" decoding=\"async\" width=\"1200\" height=\"803\" src=\"https:\/\/wgphoto.pl\/t\/wp-content\/uploads\/2025\/01\/IMGP0543.jpg\" alt=\"\" class=\"wp-image-9217\" srcset=\"http:\/\/wgphoto.pl\/t\/wp-content\/uploads\/2025\/01\/IMGP0543.jpg 1200w, http:\/\/wgphoto.pl\/t\/wp-content\/uploads\/2025\/01\/IMGP0543-300x201.jpg 300w, http:\/\/wgphoto.pl\/t\/wp-content\/uploads\/2025\/01\/IMGP0543-768x514.jpg 768w\" sizes=\"auto, (max-width: 1200px) 100vw, 1200px\" \/><\/figure>\n\n\n\n<div class=\"wp-block-group has-global-padding is-layout-constrained wp-block-group-is-layout-constrained\">\n<p>Wczesne rano na Kowalach. Zestaw 2278+2279 by\u0142 wtedy uwa\u017cany za najgorsz\u0105 stopi\u0105tk\u0119 na zajezdni i wystawiano go cz\u0119sto &#8222;za kar\u0119&#8221;, np. po zje\u017adzie awaryjnym innym wozem, pewnie zreszt\u0105 dlatego, \u017ce jako ostatni zostawa\u0142 na zajezdni, nie wystawiony na planowe zadania. Tym razem jednak dosta\u0142em go planowo na kr\u00f3ciutk\u0105 brygad\u0119 jedenastki, melduj\u0105c\u0105 si\u0119 z powrotem na zajezdni, zdaje si\u0119, jako\u015b oko\u0142o 8 rano. Pami\u0119tam jak dzi\u015b, \u017ce zje\u017cd\u017caj\u0105c na Borek z Oporowa wyszed\u0142em do zwrotnicy na FAT-cie i stoj\u0105cy akurat na \u015bwiat\u0142ach kierowca 107 zagadywa\u0142, \u017ce te\u017c by chcia\u0142 ju\u017c ko\u0144czy\u0107 prac\u0119. Ch\u0119tnie bym si\u0119 z nim zamieni\u0142, bo ja akurat wol\u0119 d\u0142u\u017csze zmiany, skoro ju\u017c wstaj\u0119 o tej wp\u00f3\u0142 do trzeciej w \u015brodku nocy. \ud83d\ude09 2009-10-31<\/p>\n<\/div>\n","protected":false},"excerpt":{"rendered":"<p>Wczesne rano na Kowalach. Zestaw 2278+2279 by\u0142 wtedy uwa\u017cany za najgorsz\u0105 stopi\u0105tk\u0119 na zajezdni i wystawiano go cz\u0119sto &#8222;za kar\u0119&#8221;, np. po zje\u017adzie awaryjnym innym wozem, pewnie zreszt\u0105 dlatego, \u017ce jako ostatni zostawa\u0142 na zajezdni, nie wystawiony na planowe zadania. Tym razem jednak dosta\u0142em go planowo na kr\u00f3ciutk\u0105 brygad\u0119 jedenastki, melduj\u0105c\u0105 si\u0119 z powrotem na [&hellip;]<\/p>\n","protected":false},"author":1,"featured_media":9217,"comment_status":"open","ping_status":"","sticky":false,"template":"","format":"standard","meta":{"footnotes":""},"categories":[169,3],"tags":[155,2871,126,42,154,27,439,41],"class_list":["post-9216","post","type-post","status-publish","format-standard","has-post-thumbnail","hentry","category-rok-2009","category-tramwaj","tag-105na","tag-2009-10-31","tag-jesien","tag-mpk-wroclaw","tag-noc","tag-polska","tag-we-fabryce","tag-wroclaw"],"_links":{"self":[{"href":"http:\/\/wgphoto.pl\/t\/index.php?rest_route=\/wp\/v2\/posts\/9216","targetHints":{"allow":["GET"]}}],"collection":[{"href":"http:\/\/wgphoto.pl\/t\/index.php?rest_route=\/wp\/v2\/posts"}],"about":[{"href":"http:\/\/wgphoto.pl\/t\/index.php?rest_route=\/wp\/v2\/types\/post"}],"author":[{"embeddable":true,"href":"http:\/\/wgphoto.pl\/t\/index.php?rest_route=\/wp\/v2\/users\/1"}],"replies":[{"embeddable":true,"href":"http:\/\/wgphoto.pl\/t\/index.php?rest_route=%2Fwp%2Fv2%2Fcomments&post=9216"}],"version-history":[{"count":1,"href":"http:\/\/wgphoto.pl\/t\/index.php?rest_route=\/wp\/v2\/posts\/9216\/revisions"}],"predecessor-version":[{"id":9218,"href":"http:\/\/wgphoto.pl\/t\/index.php?rest_route=\/wp\/v2\/posts\/9216\/revisions\/9218"}],"wp:featuredmedia":[{"embeddable":true,"href":"http:\/\/wgphoto.pl\/t\/index.php?rest_route=\/wp\/v2\/media\/9217"}],"wp:attachment":[{"href":"http:\/\/wgphoto.pl\/t\/index.php?rest_route=%2Fwp%2Fv2%2Fmedia&parent=9216"}],"wp:term":[{"taxonomy":"category","embeddable":true,"href":"http:\/\/wgphoto.pl\/t\/index.php?rest_route=%2Fwp%2Fv2%2Fcategories&post=9216"},{"taxonomy":"post_tag","embeddable":true,"href":"http:\/\/wgphoto.pl\/t\/index.php?rest_route=%2Fwp%2Fv2%2Ftags&post=9216"}],"curies":[{"name":"wp","href":"https:\/\/api.w.org\/{rel}","templated":true}]}}