{"id":9284,"date":"2025-01-09T18:16:26","date_gmt":"2025-01-09T17:16:26","guid":{"rendered":"https:\/\/wgphoto.pl\/t\/?p=9284"},"modified":"2025-01-09T18:16:26","modified_gmt":"2025-01-09T17:16:26","slug":"najlepszy-woz-na-zajezdni","status":"publish","type":"post","link":"http:\/\/wgphoto.pl\/t\/?p=9284","title":{"rendered":"Najlepszy w\u00f3z na zajezdni"},"content":{"rendered":"\n<figure class=\"wp-block-image aligncenter size-full\"><img loading=\"lazy\" decoding=\"async\" width=\"1024\" height=\"683\" src=\"https:\/\/wgphoto.pl\/t\/wp-content\/uploads\/2025\/01\/IMGP2547.jpg\" alt=\"\" class=\"wp-image-9285\" srcset=\"http:\/\/wgphoto.pl\/t\/wp-content\/uploads\/2025\/01\/IMGP2547.jpg 1024w, http:\/\/wgphoto.pl\/t\/wp-content\/uploads\/2025\/01\/IMGP2547-300x200.jpg 300w, http:\/\/wgphoto.pl\/t\/wp-content\/uploads\/2025\/01\/IMGP2547-768x512.jpg 768w\" sizes=\"auto, (max-width: 1024px) 100vw, 1024px\" \/><\/figure>\n\n\n\n<div class=\"wp-block-group has-global-padding is-layout-constrained wp-block-group-is-layout-constrained\">\n<p>Sk\u0142ad 2564+2565 po 62 minutach jazdy z Oporowa zako\u0144czy\u0142 kurs na p\u0119tli w Le\u015bnicy. Zajezdnia nr 1 na \u015bwiecie uznaje ten tramwaj za najlepszy w posiadanym parku taborowym &#8211; mo\u017ce dlatego, \u017ce jest wyposa\u017cony w klimatyzacj\u0119 kabiny (co latem rzeczywi\u015bcie bywa zbawienne &#8211; a w takich w\u0142a\u015bnie okoliczno\u015bciach przyrody dowiedzia\u0142em si\u0119 kiedy\u015b, \u017ce dostan\u0119 najlepszy w\u00f3z na zajezdni), a mo\u017ce z powodu najwy\u017cszego numeru w\u015br\u00f3d wroc\u0142awskich stopi\u0105tek (cho\u0107 nie przek\u0142ada si\u0119 to na wiek &#8211; jest to bowiem 38-letni z\u0142om ex Gda\u0144sk; opis z 2014 roku). Rzeczywisto\u015b\u0107 jest taka, \u017ce ten w\u00f3z s\u0142abiutko hamuje elektrodynamicznie, co plasuje go raczej w\u015br\u00f3d najgorszych. 06.02.2014<\/p>\n<\/div>\n","protected":false},"excerpt":{"rendered":"<p>Sk\u0142ad 2564+2565 po 62 minutach jazdy z Oporowa zako\u0144czy\u0142 kurs na p\u0119tli w Le\u015bnicy. Zajezdnia nr 1 na \u015bwiecie uznaje ten tramwaj za najlepszy w posiadanym parku taborowym &#8211; mo\u017ce dlatego, \u017ce jest wyposa\u017cony w klimatyzacj\u0119 kabiny (co latem rzeczywi\u015bcie bywa zbawienne &#8211; a w takich w\u0142a\u015bnie okoliczno\u015bciach przyrody dowiedzia\u0142em si\u0119 kiedy\u015b, \u017ce dostan\u0119 najlepszy [&hellip;]<\/p>\n","protected":false},"author":1,"featured_media":9285,"comment_status":"open","ping_status":"","sticky":false,"template":"","format":"standard","meta":{"footnotes":""},"categories":[48,3],"tags":[43,2875,91,42,27,439,41],"class_list":["post-9284","post","type-post","status-publish","format-standard","has-post-thumbnail","hentry","category-rok-2014","category-tramwaj","tag-105nwr","tag-2014-02-06","tag-blue-hour","tag-mpk-wroclaw","tag-polska","tag-we-fabryce","tag-wroclaw"],"_links":{"self":[{"href":"http:\/\/wgphoto.pl\/t\/index.php?rest_route=\/wp\/v2\/posts\/9284","targetHints":{"allow":["GET"]}}],"collection":[{"href":"http:\/\/wgphoto.pl\/t\/index.php?rest_route=\/wp\/v2\/posts"}],"about":[{"href":"http:\/\/wgphoto.pl\/t\/index.php?rest_route=\/wp\/v2\/types\/post"}],"author":[{"embeddable":true,"href":"http:\/\/wgphoto.pl\/t\/index.php?rest_route=\/wp\/v2\/users\/1"}],"replies":[{"embeddable":true,"href":"http:\/\/wgphoto.pl\/t\/index.php?rest_route=%2Fwp%2Fv2%2Fcomments&post=9284"}],"version-history":[{"count":1,"href":"http:\/\/wgphoto.pl\/t\/index.php?rest_route=\/wp\/v2\/posts\/9284\/revisions"}],"predecessor-version":[{"id":9286,"href":"http:\/\/wgphoto.pl\/t\/index.php?rest_route=\/wp\/v2\/posts\/9284\/revisions\/9286"}],"wp:featuredmedia":[{"embeddable":true,"href":"http:\/\/wgphoto.pl\/t\/index.php?rest_route=\/wp\/v2\/media\/9285"}],"wp:attachment":[{"href":"http:\/\/wgphoto.pl\/t\/index.php?rest_route=%2Fwp%2Fv2%2Fmedia&parent=9284"}],"wp:term":[{"taxonomy":"category","embeddable":true,"href":"http:\/\/wgphoto.pl\/t\/index.php?rest_route=%2Fwp%2Fv2%2Fcategories&post=9284"},{"taxonomy":"post_tag","embeddable":true,"href":"http:\/\/wgphoto.pl\/t\/index.php?rest_route=%2Fwp%2Fv2%2Ftags&post=9284"}],"curies":[{"name":"wp","href":"https:\/\/api.w.org\/{rel}","templated":true}]}}