{"id":9290,"date":"2025-01-09T18:18:28","date_gmt":"2025-01-09T17:18:28","guid":{"rendered":"https:\/\/wgphoto.pl\/t\/?p=9290"},"modified":"2025-01-09T18:18:28","modified_gmt":"2025-01-09T17:18:28","slug":"pobudka-o-235","status":"publish","type":"post","link":"http:\/\/wgphoto.pl\/t\/?p=9290","title":{"rendered":"Pobudka o 2:35"},"content":{"rendered":"\n<figure class=\"wp-block-image aligncenter size-full\"><img loading=\"lazy\" decoding=\"async\" width=\"1024\" height=\"683\" src=\"https:\/\/wgphoto.pl\/t\/wp-content\/uploads\/2025\/01\/IMGP1797.jpg\" alt=\"\" class=\"wp-image-9291\" srcset=\"http:\/\/wgphoto.pl\/t\/wp-content\/uploads\/2025\/01\/IMGP1797.jpg 1024w, http:\/\/wgphoto.pl\/t\/wp-content\/uploads\/2025\/01\/IMGP1797-300x200.jpg 300w, http:\/\/wgphoto.pl\/t\/wp-content\/uploads\/2025\/01\/IMGP1797-768x512.jpg 768w\" sizes=\"auto, (max-width: 1024px) 100vw, 1024px\" \/><\/figure>\n\n\n\n<div class=\"wp-block-group has-global-padding is-layout-constrained wp-block-group-is-layout-constrained\">\n<p>Dzisiaj to codzienno\u015b\u0107, ale kiedy\u015b tak\u0105 fraz\u0119 na wy\u015bwietlaczu mo\u017cna by\u0142o zaobserwowa\u0107 tylko na jednym planowym kursie &#8211; wyjazd 17\/6 z zajezdni Borek o godz. 4:00 (przyj\u015bcie na 3:50, pobudka o 2:35) bez pasa\u017cer\u00f3w do p\u0119tli Krzyki, przy wje\u017adzie na kt\u00f3r\u0105 powsta\u0142o powy\u017csze foto. 06.07.2011<\/p>\n<\/div>\n","protected":false},"excerpt":{"rendered":"<p>Dzisiaj to codzienno\u015b\u0107, ale kiedy\u015b tak\u0105 fraz\u0119 na wy\u015bwietlaczu mo\u017cna by\u0142o zaobserwowa\u0107 tylko na jednym planowym kursie &#8211; wyjazd 17\/6 z zajezdni Borek o godz. 4:00 (przyj\u015bcie na 3:50, pobudka o 2:35) bez pasa\u017cer\u00f3w do p\u0119tli Krzyki, przy wje\u017adzie na kt\u00f3r\u0105 powsta\u0142o powy\u017csze foto. 06.07.2011<\/p>\n","protected":false},"author":1,"featured_media":9291,"comment_status":"open","ping_status":"","sticky":false,"template":"","format":"standard","meta":{"footnotes":""},"categories":[77,3],"tags":[43,2877,42,154,27,176,439,41],"class_list":["post-9290","post","type-post","status-publish","format-standard","has-post-thumbnail","hentry","category-rok-2011","category-tramwaj","tag-105nwr","tag-2011-07-06","tag-mpk-wroclaw","tag-noc","tag-polska","tag-rano","tag-we-fabryce","tag-wroclaw"],"_links":{"self":[{"href":"http:\/\/wgphoto.pl\/t\/index.php?rest_route=\/wp\/v2\/posts\/9290","targetHints":{"allow":["GET"]}}],"collection":[{"href":"http:\/\/wgphoto.pl\/t\/index.php?rest_route=\/wp\/v2\/posts"}],"about":[{"href":"http:\/\/wgphoto.pl\/t\/index.php?rest_route=\/wp\/v2\/types\/post"}],"author":[{"embeddable":true,"href":"http:\/\/wgphoto.pl\/t\/index.php?rest_route=\/wp\/v2\/users\/1"}],"replies":[{"embeddable":true,"href":"http:\/\/wgphoto.pl\/t\/index.php?rest_route=%2Fwp%2Fv2%2Fcomments&post=9290"}],"version-history":[{"count":1,"href":"http:\/\/wgphoto.pl\/t\/index.php?rest_route=\/wp\/v2\/posts\/9290\/revisions"}],"predecessor-version":[{"id":9292,"href":"http:\/\/wgphoto.pl\/t\/index.php?rest_route=\/wp\/v2\/posts\/9290\/revisions\/9292"}],"wp:featuredmedia":[{"embeddable":true,"href":"http:\/\/wgphoto.pl\/t\/index.php?rest_route=\/wp\/v2\/media\/9291"}],"wp:attachment":[{"href":"http:\/\/wgphoto.pl\/t\/index.php?rest_route=%2Fwp%2Fv2%2Fmedia&parent=9290"}],"wp:term":[{"taxonomy":"category","embeddable":true,"href":"http:\/\/wgphoto.pl\/t\/index.php?rest_route=%2Fwp%2Fv2%2Fcategories&post=9290"},{"taxonomy":"post_tag","embeddable":true,"href":"http:\/\/wgphoto.pl\/t\/index.php?rest_route=%2Fwp%2Fv2%2Ftags&post=9290"}],"curies":[{"name":"wp","href":"https:\/\/api.w.org\/{rel}","templated":true}]}}