{"id":9293,"date":"2025-01-09T18:19:34","date_gmt":"2025-01-09T17:19:34","guid":{"rendered":"https:\/\/wgphoto.pl\/t\/?p=9293"},"modified":"2025-05-24T12:09:53","modified_gmt":"2025-05-24T10:09:53","slug":"spodek-2","status":"publish","type":"post","link":"http:\/\/wgphoto.pl\/t\/?p=9293","title":{"rendered":"Spodek"},"content":{"rendered":"\n<figure class=\"wp-block-image aligncenter size-full\"><img loading=\"lazy\" decoding=\"async\" width=\"1024\" height=\"683\" src=\"https:\/\/wgphoto.pl\/t\/wp-content\/uploads\/2025\/01\/IMGP6810.jpg\" alt=\"\" class=\"wp-image-9294\" srcset=\"http:\/\/wgphoto.pl\/t\/wp-content\/uploads\/2025\/01\/IMGP6810.jpg 1024w, http:\/\/wgphoto.pl\/t\/wp-content\/uploads\/2025\/01\/IMGP6810-300x200.jpg 300w, http:\/\/wgphoto.pl\/t\/wp-content\/uploads\/2025\/01\/IMGP6810-768x512.jpg 768w\" sizes=\"auto, (max-width: 1024px) 100vw, 1024px\" \/><\/figure>\n\n\n\n<div class=\"wp-block-group has-global-padding is-layout-constrained wp-block-group-is-layout-constrained\">\n<p>Katowice, Rondo Zi\u0119tka. Wymy\u015bli\u0142em sobie kiedy\u015b marszrut\u0119 poci\u0105giem z Wroc\u0142awia do Sok\u00f3\u0142ki przez Katowice. Dwugodzinna przesiadka w tym mie\u015bcie zaowocowa\u0142a takim oto zdj\u0119ciem. 11.07.2009<\/p>\n<\/div>\n","protected":false},"excerpt":{"rendered":"<p>Katowice, Rondo Zi\u0119tka. Wymy\u015bli\u0142em sobie kiedy\u015b marszrut\u0119 poci\u0105giem z Wroc\u0142awia do Sok\u00f3\u0142ki przez Katowice. Dwugodzinna przesiadka w tym mie\u015bcie zaowocowa\u0142a takim oto zdj\u0119ciem. 11.07.2009<\/p>\n","protected":false},"author":1,"featured_media":9294,"comment_status":"open","ping_status":"","sticky":false,"template":"","format":"standard","meta":{"footnotes":""},"categories":[169,3],"tags":[155,2406,34,91,1371,27,279,90,533],"class_list":["post-9293","post","type-post","status-publish","format-standard","has-post-thumbnail","hentry","category-rok-2009","category-tramwaj","tag-105na","tag-2009-07-11","tag-architektura","tag-blue-hour","tag-katowice","tag-polska","tag-tramwaje-slaskie","tag-wieczorem","tag-z-sokolki-do-mlynar-2009"],"_links":{"self":[{"href":"http:\/\/wgphoto.pl\/t\/index.php?rest_route=\/wp\/v2\/posts\/9293","targetHints":{"allow":["GET"]}}],"collection":[{"href":"http:\/\/wgphoto.pl\/t\/index.php?rest_route=\/wp\/v2\/posts"}],"about":[{"href":"http:\/\/wgphoto.pl\/t\/index.php?rest_route=\/wp\/v2\/types\/post"}],"author":[{"embeddable":true,"href":"http:\/\/wgphoto.pl\/t\/index.php?rest_route=\/wp\/v2\/users\/1"}],"replies":[{"embeddable":true,"href":"http:\/\/wgphoto.pl\/t\/index.php?rest_route=%2Fwp%2Fv2%2Fcomments&post=9293"}],"version-history":[{"count":1,"href":"http:\/\/wgphoto.pl\/t\/index.php?rest_route=\/wp\/v2\/posts\/9293\/revisions"}],"predecessor-version":[{"id":9295,"href":"http:\/\/wgphoto.pl\/t\/index.php?rest_route=\/wp\/v2\/posts\/9293\/revisions\/9295"}],"wp:featuredmedia":[{"embeddable":true,"href":"http:\/\/wgphoto.pl\/t\/index.php?rest_route=\/wp\/v2\/media\/9294"}],"wp:attachment":[{"href":"http:\/\/wgphoto.pl\/t\/index.php?rest_route=%2Fwp%2Fv2%2Fmedia&parent=9293"}],"wp:term":[{"taxonomy":"category","embeddable":true,"href":"http:\/\/wgphoto.pl\/t\/index.php?rest_route=%2Fwp%2Fv2%2Fcategories&post=9293"},{"taxonomy":"post_tag","embeddable":true,"href":"http:\/\/wgphoto.pl\/t\/index.php?rest_route=%2Fwp%2Fv2%2Ftags&post=9293"}],"curies":[{"name":"wp","href":"https:\/\/api.w.org\/{rel}","templated":true}]}}