{"id":9299,"date":"2025-01-09T18:21:35","date_gmt":"2025-01-09T17:21:35","guid":{"rendered":"https:\/\/wgphoto.pl\/t\/?p=9299"},"modified":"2025-01-10T17:52:08","modified_gmt":"2025-01-10T16:52:08","slug":"jakartovice","status":"publish","type":"post","link":"http:\/\/wgphoto.pl\/t\/?p=9299","title":{"rendered":"Jakartovice"},"content":{"rendered":"\n<figure class=\"wp-block-image aligncenter size-full\"><img loading=\"lazy\" decoding=\"async\" width=\"1400\" height=\"937\" src=\"https:\/\/wgphoto.pl\/t\/wp-content\/uploads\/2025\/01\/IMGP7265-1.jpg\" alt=\"\" class=\"wp-image-9339\" srcset=\"http:\/\/wgphoto.pl\/t\/wp-content\/uploads\/2025\/01\/IMGP7265-1.jpg 1400w, http:\/\/wgphoto.pl\/t\/wp-content\/uploads\/2025\/01\/IMGP7265-1-300x201.jpg 300w, http:\/\/wgphoto.pl\/t\/wp-content\/uploads\/2025\/01\/IMGP7265-1-768x514.jpg 768w\" sizes=\"auto, (max-width: 1400px) 100vw, 1400px\" \/><\/figure>\n\n\n\n<div class=\"wp-block-group has-global-padding is-layout-constrained wp-block-group-is-layout-constrained\">\n<p>Pojazd 809 596-0 przyby\u0142 jako poc. 23406 (jeden z siedmiu dziennie) z Opawy Wsch\u00f3d. Jakartovice s\u0105 troch\u0119 oszukanym kolejowym ko\u0144cem \u015bwiata, poniewa\u017c tor ko\u0144czy si\u0119 dopiero 4 km dalej, na przystanku Svobodn\u00e9 He\u0159manice, po\u0142o\u017conym wg mapy w szczerym polu. Niegdy\u015b linia ta dociera\u0142a do le\u017c\u0105cego kolejne 5 km dalej niespe\u0142na 2,5-tysi\u0119cznego Horn\u00edho Bene\u0161ova, lecz z powodu szk\u00f3d g\u00f3rniczych ruch na ko\u0144cowym odcinku wstrzymano w 1970 roku. W 2005 roku skr\u00f3cono wszystkie kursy pasa\u017cerskie do Jakartovic, a 6 kwietnia 2014 roku poleg\u0142 ostatni odcinek z Opawy do Jakartovic (na ca\u0142ej trasie do Svobodn\u00fdch He\u0159manic pozostanie ruch towarowy). Ciekawe opracowanie dotycz\u0105ce zasadno\u015bci przekazania obs\u0142ugi tego odcinka przewo\u017anikom autobusowym mo\u017cna poczyta\u0107 <a href=\"http:\/\/www.zelpage.cz\/clanky\/zastaveni-osobni-dopravy-na-trati-z-opavy-do-jakartovic\" target=\"_BLANK\" rel=\"noreferrer noopener\">tu<\/a>. 19.07.2009<\/p>\n<\/div>\n","protected":false},"excerpt":{"rendered":"<p>Pojazd 809 596-0 przyby\u0142 jako poc. 23406 (jeden z siedmiu dziennie) z Opawy Wsch\u00f3d. Jakartovice s\u0105 troch\u0119 oszukanym kolejowym ko\u0144cem \u015bwiata, poniewa\u017c tor ko\u0144czy si\u0119 dopiero 4 km dalej, na przystanku Svobodn\u00e9 He\u0159manice, po\u0142o\u017conym wg mapy w szczerym polu. Niegdy\u015b linia ta dociera\u0142a do le\u017c\u0105cego kolejne 5 km dalej niespe\u0142na 2,5-tysi\u0119cznego Horn\u00edho Bene\u0161ova, lecz z [&hellip;]<\/p>\n","protected":false},"author":1,"featured_media":9339,"comment_status":"open","ping_status":"","sticky":false,"template":"","format":"standard","meta":{"footnotes":""},"categories":[2,169],"tags":[1146,1229,50,49,2878,94,2479],"class_list":["post-9299","post","type-post","status-publish","format-standard","has-post-thumbnail","hentry","category-kolej","category-rok-2009","tag-2009-07-19","tag-1229","tag-cd","tag-czechy","tag-jakartovice","tag-na-kolejowym-koncu-swiata","tag-tab-cz314"],"_links":{"self":[{"href":"http:\/\/wgphoto.pl\/t\/index.php?rest_route=\/wp\/v2\/posts\/9299","targetHints":{"allow":["GET"]}}],"collection":[{"href":"http:\/\/wgphoto.pl\/t\/index.php?rest_route=\/wp\/v2\/posts"}],"about":[{"href":"http:\/\/wgphoto.pl\/t\/index.php?rest_route=\/wp\/v2\/types\/post"}],"author":[{"embeddable":true,"href":"http:\/\/wgphoto.pl\/t\/index.php?rest_route=\/wp\/v2\/users\/1"}],"replies":[{"embeddable":true,"href":"http:\/\/wgphoto.pl\/t\/index.php?rest_route=%2Fwp%2Fv2%2Fcomments&post=9299"}],"version-history":[{"count":2,"href":"http:\/\/wgphoto.pl\/t\/index.php?rest_route=\/wp\/v2\/posts\/9299\/revisions"}],"predecessor-version":[{"id":9340,"href":"http:\/\/wgphoto.pl\/t\/index.php?rest_route=\/wp\/v2\/posts\/9299\/revisions\/9340"}],"wp:featuredmedia":[{"embeddable":true,"href":"http:\/\/wgphoto.pl\/t\/index.php?rest_route=\/wp\/v2\/media\/9339"}],"wp:attachment":[{"href":"http:\/\/wgphoto.pl\/t\/index.php?rest_route=%2Fwp%2Fv2%2Fmedia&parent=9299"}],"wp:term":[{"taxonomy":"category","embeddable":true,"href":"http:\/\/wgphoto.pl\/t\/index.php?rest_route=%2Fwp%2Fv2%2Fcategories&post=9299"},{"taxonomy":"post_tag","embeddable":true,"href":"http:\/\/wgphoto.pl\/t\/index.php?rest_route=%2Fwp%2Fv2%2Ftags&post=9299"}],"curies":[{"name":"wp","href":"https:\/\/api.w.org\/{rel}","templated":true}]}}