{"id":9302,"date":"2025-01-09T18:22:49","date_gmt":"2025-01-09T17:22:49","guid":{"rendered":"https:\/\/wgphoto.pl\/t\/?p=9302"},"modified":"2025-01-09T18:22:49","modified_gmt":"2025-01-09T17:22:49","slug":"105na-nr-23682367-zaj-dabie","status":"publish","type":"post","link":"http:\/\/wgphoto.pl\/t\/?p=9302","title":{"rendered":"105Na nr 2368+2367, zaj. D\u0105bie"},"content":{"rendered":"\n<figure class=\"wp-block-image aligncenter size-full\"><img loading=\"lazy\" decoding=\"async\" width=\"1050\" height=\"700\" src=\"https:\/\/wgphoto.pl\/t\/wp-content\/uploads\/2025\/01\/IMGP3983.jpg\" alt=\"\" class=\"wp-image-9303\" srcset=\"http:\/\/wgphoto.pl\/t\/wp-content\/uploads\/2025\/01\/IMGP3983.jpg 1050w, http:\/\/wgphoto.pl\/t\/wp-content\/uploads\/2025\/01\/IMGP3983-300x200.jpg 300w, http:\/\/wgphoto.pl\/t\/wp-content\/uploads\/2025\/01\/IMGP3983-768x512.jpg 768w\" sizes=\"auto, (max-width: 1050px) 100vw, 1050px\" \/><\/figure>\n\n\n\n<div class=\"wp-block-group has-global-padding is-layout-constrained wp-block-group-is-layout-constrained\">\n<p>Dwudziestka trzydziesta czwarta jako linia 10 21 minut po p\u00f3\u0142nocy wykona\u0142a ostatni, symboliczny zjazd na swoj\u0105 macierzyst\u0105 zajezdni\u0119 wraz z cofaniem pod hal\u0119, chocia\u017c planowo tego dnia, tak jak pozosta\u0142e brygady, powinna ju\u017c pojecha\u0107 z Biskupina prosto do zajezdni Borek. W ten spos\u00f3b po 101 latach dzia\u0142alno\u015bci zako\u0144czy\u0142a si\u0119 era zajezdni nr VI przy ul. Zygmunta Wr\u00f3blewskiego. 05.04.2014<\/p>\n<\/div>\n","protected":false},"excerpt":{"rendered":"<p>Dwudziestka trzydziesta czwarta jako linia 10 21 minut po p\u00f3\u0142nocy wykona\u0142a ostatni, symboliczny zjazd na swoj\u0105 macierzyst\u0105 zajezdni\u0119 wraz z cofaniem pod hal\u0119, chocia\u017c planowo tego dnia, tak jak pozosta\u0142e brygady, powinna ju\u017c pojecha\u0107 z Biskupina prosto do zajezdni Borek. W ten spos\u00f3b po 101 latach dzia\u0142alno\u015bci zako\u0144czy\u0142a si\u0119 era zajezdni nr VI przy ul. [&hellip;]<\/p>\n","protected":false},"author":1,"featured_media":9303,"comment_status":"open","ping_status":"","sticky":false,"template":"","format":"standard","meta":{"footnotes":""},"categories":[48,3],"tags":[155,2879,42,154,27,41,138],"class_list":["post-9302","post","type-post","status-publish","format-standard","has-post-thumbnail","hentry","category-rok-2014","category-tramwaj","tag-105na","tag-2014-04-05","tag-mpk-wroclaw","tag-noc","tag-polska","tag-wroclaw","tag-zajezdnia"],"_links":{"self":[{"href":"http:\/\/wgphoto.pl\/t\/index.php?rest_route=\/wp\/v2\/posts\/9302","targetHints":{"allow":["GET"]}}],"collection":[{"href":"http:\/\/wgphoto.pl\/t\/index.php?rest_route=\/wp\/v2\/posts"}],"about":[{"href":"http:\/\/wgphoto.pl\/t\/index.php?rest_route=\/wp\/v2\/types\/post"}],"author":[{"embeddable":true,"href":"http:\/\/wgphoto.pl\/t\/index.php?rest_route=\/wp\/v2\/users\/1"}],"replies":[{"embeddable":true,"href":"http:\/\/wgphoto.pl\/t\/index.php?rest_route=%2Fwp%2Fv2%2Fcomments&post=9302"}],"version-history":[{"count":1,"href":"http:\/\/wgphoto.pl\/t\/index.php?rest_route=\/wp\/v2\/posts\/9302\/revisions"}],"predecessor-version":[{"id":9304,"href":"http:\/\/wgphoto.pl\/t\/index.php?rest_route=\/wp\/v2\/posts\/9302\/revisions\/9304"}],"wp:featuredmedia":[{"embeddable":true,"href":"http:\/\/wgphoto.pl\/t\/index.php?rest_route=\/wp\/v2\/media\/9303"}],"wp:attachment":[{"href":"http:\/\/wgphoto.pl\/t\/index.php?rest_route=%2Fwp%2Fv2%2Fmedia&parent=9302"}],"wp:term":[{"taxonomy":"category","embeddable":true,"href":"http:\/\/wgphoto.pl\/t\/index.php?rest_route=%2Fwp%2Fv2%2Fcategories&post=9302"},{"taxonomy":"post_tag","embeddable":true,"href":"http:\/\/wgphoto.pl\/t\/index.php?rest_route=%2Fwp%2Fv2%2Ftags&post=9302"}],"curies":[{"name":"wp","href":"https:\/\/api.w.org\/{rel}","templated":true}]}}