{"id":9314,"date":"2025-01-09T18:28:11","date_gmt":"2025-01-09T17:28:11","guid":{"rendered":"https:\/\/wgphoto.pl\/t\/?p=9314"},"modified":"2025-01-09T18:28:11","modified_gmt":"2025-01-09T17:28:11","slug":"151-001-5-lupene","status":"publish","type":"post","link":"http:\/\/wgphoto.pl\/t\/?p=9314","title":{"rendered":"151 001-5, Lup\u011bn\u00e9"},"content":{"rendered":"\n<figure class=\"wp-block-image aligncenter size-full\"><img loading=\"lazy\" decoding=\"async\" width=\"600\" height=\"900\" src=\"https:\/\/wgphoto.pl\/t\/wp-content\/uploads\/2025\/01\/IMGP4682.jpg\" alt=\"\" class=\"wp-image-9315\" srcset=\"http:\/\/wgphoto.pl\/t\/wp-content\/uploads\/2025\/01\/IMGP4682.jpg 600w, http:\/\/wgphoto.pl\/t\/wp-content\/uploads\/2025\/01\/IMGP4682-200x300.jpg 200w\" sizes=\"auto, (max-width: 600px) 100vw, 600px\" \/><\/figure>\n\n\n\n<div class=\"wp-block-group has-global-padding is-layout-constrained wp-block-group-is-layout-constrained\">\n<p>Poci\u0105g EC 110 &#8222;Praha&#8221; z Warszawy Wschodniej do Prahy hl.n., zasilony dodatkowymi wagonami relacji Bohum\u00edn &#8211; Praha hl.n., min\u0105\u0142 tytu\u0142owy przystanek i za chwil\u0119 wjedzie w obszar Wy\u017cyny Zabrzeskiej (czes. Z\u00e1b\u0159e\u017esk\u00e1 vrchovina), oddzielaj\u0105cej Morawy od Czech. Podzia\u0142 ten mo\u017cna zaobserwowa\u0107 cho\u0107by po nazwach miejscowo\u015bci: w tle widoczny jest Z\u00e1b\u0159eh na Morav\u011b, a po drugiej stronie g\u00f3r pojawiaj\u0105 si\u0119 ju\u017c przyrostki &#8222;v \u010cech\u00e1ch&#8221;. 16.10.2011<\/p>\n<\/div>\n","protected":false},"excerpt":{"rendered":"<p>Poci\u0105g EC 110 &#8222;Praha&#8221; z Warszawy Wschodniej do Prahy hl.n., zasilony dodatkowymi wagonami relacji Bohum\u00edn &#8211; Praha hl.n., min\u0105\u0142 tytu\u0142owy przystanek i za chwil\u0119 wjedzie w obszar Wy\u017cyny Zabrzeskiej (czes. Z\u00e1b\u0159e\u017esk\u00e1 vrchovina), oddzielaj\u0105cej Morawy od Czech. Podzia\u0142 ten mo\u017cna zaobserwowa\u0107 cho\u0107by po nazwach miejscowo\u015bci: w tle widoczny jest Z\u00e1b\u0159eh na Morav\u011b, a po drugiej stronie [&hellip;]<\/p>\n","protected":false},"author":1,"featured_media":9315,"comment_status":"open","ping_status":"","sticky":false,"template":"","format":"standard","meta":{"footnotes":""},"categories":[2,128,77],"tags":[1966,1730,50,49,114,113,980,981],"class_list":["post-9314","post","type-post","status-publish","format-standard","has-post-thumbnail","hentry","category-kolej","category-pionowe","category-rok-2011","tag-1966","tag-2011-10-16","tag-cd","tag-czechy","tag-gory","tag-landszaft","tag-lupene","tag-tab-cz270"],"_links":{"self":[{"href":"http:\/\/wgphoto.pl\/t\/index.php?rest_route=\/wp\/v2\/posts\/9314","targetHints":{"allow":["GET"]}}],"collection":[{"href":"http:\/\/wgphoto.pl\/t\/index.php?rest_route=\/wp\/v2\/posts"}],"about":[{"href":"http:\/\/wgphoto.pl\/t\/index.php?rest_route=\/wp\/v2\/types\/post"}],"author":[{"embeddable":true,"href":"http:\/\/wgphoto.pl\/t\/index.php?rest_route=\/wp\/v2\/users\/1"}],"replies":[{"embeddable":true,"href":"http:\/\/wgphoto.pl\/t\/index.php?rest_route=%2Fwp%2Fv2%2Fcomments&post=9314"}],"version-history":[{"count":1,"href":"http:\/\/wgphoto.pl\/t\/index.php?rest_route=\/wp\/v2\/posts\/9314\/revisions"}],"predecessor-version":[{"id":9316,"href":"http:\/\/wgphoto.pl\/t\/index.php?rest_route=\/wp\/v2\/posts\/9314\/revisions\/9316"}],"wp:featuredmedia":[{"embeddable":true,"href":"http:\/\/wgphoto.pl\/t\/index.php?rest_route=\/wp\/v2\/media\/9315"}],"wp:attachment":[{"href":"http:\/\/wgphoto.pl\/t\/index.php?rest_route=%2Fwp%2Fv2%2Fmedia&parent=9314"}],"wp:term":[{"taxonomy":"category","embeddable":true,"href":"http:\/\/wgphoto.pl\/t\/index.php?rest_route=%2Fwp%2Fv2%2Fcategories&post=9314"},{"taxonomy":"post_tag","embeddable":true,"href":"http:\/\/wgphoto.pl\/t\/index.php?rest_route=%2Fwp%2Fv2%2Ftags&post=9314"}],"curies":[{"name":"wp","href":"https:\/\/api.w.org\/{rel}","templated":true}]}}