{"id":9359,"date":"2025-01-11T23:29:45","date_gmt":"2025-01-11T22:29:45","guid":{"rendered":"https:\/\/wgphoto.pl\/t\/?p=9359"},"modified":"2025-01-11T23:29:45","modified_gmt":"2025-01-11T22:29:45","slug":"ktm-w-krzakach","status":"publish","type":"post","link":"http:\/\/wgphoto.pl\/t\/?p=9359","title":{"rendered":"KTM w krzakach"},"content":{"rendered":"\n<figure class=\"wp-block-image aligncenter size-full\"><img loading=\"lazy\" decoding=\"async\" width=\"1200\" height=\"803\" src=\"https:\/\/wgphoto.pl\/t\/wp-content\/uploads\/2025\/01\/IMGP5457.jpg\" alt=\"\" class=\"wp-image-9360\" srcset=\"http:\/\/wgphoto.pl\/t\/wp-content\/uploads\/2025\/01\/IMGP5457.jpg 1200w, http:\/\/wgphoto.pl\/t\/wp-content\/uploads\/2025\/01\/IMGP5457-300x201.jpg 300w, http:\/\/wgphoto.pl\/t\/wp-content\/uploads\/2025\/01\/IMGP5457-768x514.jpg 768w\" sizes=\"auto, (max-width: 1200px) 100vw, 1200px\" \/><\/figure>\n\n\n\n<div class=\"wp-block-group has-global-padding is-layout-constrained wp-block-group-is-layout-constrained\">\n<p>Dnieprodzier\u017cy\u0144sk, Prospekt Anoszkina. KTM-5 1056 ruszy\u0142 z przystanku Respublikanska w dalsz\u0105 drog\u0119 do p\u0119tli DMK. Tak\u0105 oto sympatyczn\u0105 okolic\u0119, zabudowan\u0105 jakimi\u015b kamienicami, kt\u00f3re jednak ma\u0142o by\u0142o wida\u0107 przez t\u0119 bujn\u0105 ro\u015blinno\u015b\u0107, przemierzali\u015bmy obwieszeni plecakami w drodze do znalezionego napr\u0119dce hotelu, \u015bci\u0105gaj\u0105c na siebie tubylcze spojrzenia. 2010-08-04<\/p>\n<\/div>\n","protected":false},"excerpt":{"rendered":"<p>Dnieprodzier\u017cy\u0144sk, Prospekt Anoszkina. KTM-5 1056 ruszy\u0142 z przystanku Respublikanska w dalsz\u0105 drog\u0119 do p\u0119tli DMK. Tak\u0105 oto sympatyczn\u0105 okolic\u0119, zabudowan\u0105 jakimi\u015b kamienicami, kt\u00f3re jednak ma\u0142o by\u0142o wida\u0107 przez t\u0119 bujn\u0105 ro\u015blinno\u015b\u0107, przemierzali\u015bmy obwieszeni plecakami w drodze do znalezionego napr\u0119dce hotelu, \u015bci\u0105gaj\u0105c na siebie tubylcze spojrzenia. 2010-08-04<\/p>\n","protected":false},"author":1,"featured_media":9360,"comment_status":"open","ping_status":"","sticky":false,"template":"","format":"standard","meta":{"footnotes":""},"categories":[86,3],"tags":[2069,2896,617,453,90],"class_list":["post-9359","post","type-post","status-publish","format-standard","has-post-thumbnail","hentry","category-rok-2010","category-tramwaj","tag-2010-08-04","tag-dnieprodzierzynsk","tag-ktm-5","tag-ukraina","tag-wieczorem"],"_links":{"self":[{"href":"http:\/\/wgphoto.pl\/t\/index.php?rest_route=\/wp\/v2\/posts\/9359","targetHints":{"allow":["GET"]}}],"collection":[{"href":"http:\/\/wgphoto.pl\/t\/index.php?rest_route=\/wp\/v2\/posts"}],"about":[{"href":"http:\/\/wgphoto.pl\/t\/index.php?rest_route=\/wp\/v2\/types\/post"}],"author":[{"embeddable":true,"href":"http:\/\/wgphoto.pl\/t\/index.php?rest_route=\/wp\/v2\/users\/1"}],"replies":[{"embeddable":true,"href":"http:\/\/wgphoto.pl\/t\/index.php?rest_route=%2Fwp%2Fv2%2Fcomments&post=9359"}],"version-history":[{"count":1,"href":"http:\/\/wgphoto.pl\/t\/index.php?rest_route=\/wp\/v2\/posts\/9359\/revisions"}],"predecessor-version":[{"id":9361,"href":"http:\/\/wgphoto.pl\/t\/index.php?rest_route=\/wp\/v2\/posts\/9359\/revisions\/9361"}],"wp:featuredmedia":[{"embeddable":true,"href":"http:\/\/wgphoto.pl\/t\/index.php?rest_route=\/wp\/v2\/media\/9360"}],"wp:attachment":[{"href":"http:\/\/wgphoto.pl\/t\/index.php?rest_route=%2Fwp%2Fv2%2Fmedia&parent=9359"}],"wp:term":[{"taxonomy":"category","embeddable":true,"href":"http:\/\/wgphoto.pl\/t\/index.php?rest_route=%2Fwp%2Fv2%2Fcategories&post=9359"},{"taxonomy":"post_tag","embeddable":true,"href":"http:\/\/wgphoto.pl\/t\/index.php?rest_route=%2Fwp%2Fv2%2Ftags&post=9359"}],"curies":[{"name":"wp","href":"https:\/\/api.w.org\/{rel}","templated":true}]}}