{"id":9362,"date":"2025-01-11T23:30:52","date_gmt":"2025-01-11T22:30:52","guid":{"rendered":"https:\/\/wgphoto.pl\/t\/?p=9362"},"modified":"2025-01-11T23:30:52","modified_gmt":"2025-01-11T22:30:52","slug":"powiew-nowosci","status":"publish","type":"post","link":"http:\/\/wgphoto.pl\/t\/?p=9362","title":{"rendered":"Powiew nowo\u015bci?"},"content":{"rendered":"\n<figure class=\"wp-block-image aligncenter size-full\"><img loading=\"lazy\" decoding=\"async\" width=\"1050\" height=\"700\" src=\"https:\/\/wgphoto.pl\/t\/wp-content\/uploads\/2025\/01\/IMGP5468.jpg\" alt=\"\" class=\"wp-image-9364\" srcset=\"http:\/\/wgphoto.pl\/t\/wp-content\/uploads\/2025\/01\/IMGP5468.jpg 1050w, http:\/\/wgphoto.pl\/t\/wp-content\/uploads\/2025\/01\/IMGP5468-300x200.jpg 300w, http:\/\/wgphoto.pl\/t\/wp-content\/uploads\/2025\/01\/IMGP5468-768x512.jpg 768w\" sizes=\"auto, (max-width: 1050px) 100vw, 1050px\" \/><\/figure>\n\n\n\n<div class=\"wp-block-group has-global-padding is-layout-constrained wp-block-group-is-layout-constrained\">\n<p>Najnowszy spo\u015br\u00f3d tutejszych wagon\u00f3w KTM-8, wyprodukowany w 1997 roku pojazd o numerze 127, za chwil\u0119 dotrze do p\u0119tli DMK.<br>Dzisiaj takie dwa knoty z tramwajami wyprodukowanymi w Ust Katawskiej Fabryce Wagon\u00f3w im. S. M. Kirowa. 2010-08-05<\/p>\n<\/div>\n","protected":false},"excerpt":{"rendered":"<p>Najnowszy spo\u015br\u00f3d tutejszych wagon\u00f3w KTM-8, wyprodukowany w 1997 roku pojazd o numerze 127, za chwil\u0119 dotrze do p\u0119tli DMK.Dzisiaj takie dwa knoty z tramwajami wyprodukowanymi w Ust Katawskiej Fabryce Wagon\u00f3w im. S. M. Kirowa. 2010-08-05<\/p>\n","protected":false},"author":1,"featured_media":9364,"comment_status":"open","ping_status":"","sticky":false,"template":"","format":"standard","meta":{"footnotes":""},"categories":[86,3],"tags":[1054,2896,2897,176,453],"class_list":["post-9362","post","type-post","status-publish","format-standard","has-post-thumbnail","hentry","category-rok-2010","category-tramwaj","tag-2010-08-05","tag-dnieprodzierzynsk","tag-ktm-8","tag-rano","tag-ukraina"],"_links":{"self":[{"href":"http:\/\/wgphoto.pl\/t\/index.php?rest_route=\/wp\/v2\/posts\/9362","targetHints":{"allow":["GET"]}}],"collection":[{"href":"http:\/\/wgphoto.pl\/t\/index.php?rest_route=\/wp\/v2\/posts"}],"about":[{"href":"http:\/\/wgphoto.pl\/t\/index.php?rest_route=\/wp\/v2\/types\/post"}],"author":[{"embeddable":true,"href":"http:\/\/wgphoto.pl\/t\/index.php?rest_route=\/wp\/v2\/users\/1"}],"replies":[{"embeddable":true,"href":"http:\/\/wgphoto.pl\/t\/index.php?rest_route=%2Fwp%2Fv2%2Fcomments&post=9362"}],"version-history":[{"count":1,"href":"http:\/\/wgphoto.pl\/t\/index.php?rest_route=\/wp\/v2\/posts\/9362\/revisions"}],"predecessor-version":[{"id":9365,"href":"http:\/\/wgphoto.pl\/t\/index.php?rest_route=\/wp\/v2\/posts\/9362\/revisions\/9365"}],"wp:featuredmedia":[{"embeddable":true,"href":"http:\/\/wgphoto.pl\/t\/index.php?rest_route=\/wp\/v2\/media\/9364"}],"wp:attachment":[{"href":"http:\/\/wgphoto.pl\/t\/index.php?rest_route=%2Fwp%2Fv2%2Fmedia&parent=9362"}],"wp:term":[{"taxonomy":"category","embeddable":true,"href":"http:\/\/wgphoto.pl\/t\/index.php?rest_route=%2Fwp%2Fv2%2Fcategories&post=9362"},{"taxonomy":"post_tag","embeddable":true,"href":"http:\/\/wgphoto.pl\/t\/index.php?rest_route=%2Fwp%2Fv2%2Ftags&post=9362"}],"curies":[{"name":"wp","href":"https:\/\/api.w.org\/{rel}","templated":true}]}}