{"id":9569,"date":"2025-01-12T20:58:16","date_gmt":"2025-01-12T19:58:16","guid":{"rendered":"https:\/\/wgphoto.pl\/t\/?p=9569"},"modified":"2025-01-12T20:58:16","modified_gmt":"2025-01-12T19:58:16","slug":"remont","status":"publish","type":"post","link":"http:\/\/wgphoto.pl\/t\/?p=9569","title":{"rendered":"Remont"},"content":{"rendered":"\n<figure class=\"wp-block-image aligncenter size-full\"><img loading=\"lazy\" decoding=\"async\" width=\"1050\" height=\"700\" src=\"https:\/\/wgphoto.pl\/t\/wp-content\/uploads\/2025\/01\/IMGP6055.jpg\" alt=\"\" class=\"wp-image-9570\" srcset=\"http:\/\/wgphoto.pl\/t\/wp-content\/uploads\/2025\/01\/IMGP6055.jpg 1050w, http:\/\/wgphoto.pl\/t\/wp-content\/uploads\/2025\/01\/IMGP6055-300x200.jpg 300w, http:\/\/wgphoto.pl\/t\/wp-content\/uploads\/2025\/01\/IMGP6055-768x512.jpg 768w\" sizes=\"auto, (max-width: 1050px) 100vw, 1050px\" \/><\/figure>\n\n\n\n<div class=\"wp-block-group has-global-padding is-layout-constrained wp-block-group-is-layout-constrained\">\n<p>Oradea, Strada Lipovei. Pewnie &#8222;unia da\u0142a&#8221; na remont, tylko szkoda \u017ce Rumuni nie zadbali o jak\u0105\u015b zast\u0119pcz\u0105 lokalizacj\u0119 b\u0105d\u017a tymczasow\u0105 infrastruktur\u0119 przystanku. \ud83d\ude09 2014-06-21<\/p>\n<\/div>\n","protected":false},"excerpt":{"rendered":"<p>Oradea, Strada Lipovei. Pewnie &#8222;unia da\u0142a&#8221; na remont, tylko szkoda \u017ce Rumuni nie zadbali o jak\u0105\u015b zast\u0119pcz\u0105 lokalizacj\u0119 b\u0105d\u017a tymczasow\u0105 infrastruktur\u0119 przystanku. \ud83d\ude09 2014-06-21<\/p>\n","protected":false},"author":1,"featured_media":9570,"comment_status":"open","ping_status":"","sticky":false,"template":"","format":"standard","meta":{"footnotes":""},"categories":[48,3],"tags":[1108,745,230,1109,1110,574,1112],"class_list":["post-9569","post","type-post","status-publish","format-standard","has-post-thumbnail","hentry","category-rok-2014","category-tramwaj","tag-2014-06-21","tag-budowa","tag-infrastruktura","tag-oradea","tag-otl-oradea","tag-rumunia","tag-tatra-t4"],"_links":{"self":[{"href":"http:\/\/wgphoto.pl\/t\/index.php?rest_route=\/wp\/v2\/posts\/9569","targetHints":{"allow":["GET"]}}],"collection":[{"href":"http:\/\/wgphoto.pl\/t\/index.php?rest_route=\/wp\/v2\/posts"}],"about":[{"href":"http:\/\/wgphoto.pl\/t\/index.php?rest_route=\/wp\/v2\/types\/post"}],"author":[{"embeddable":true,"href":"http:\/\/wgphoto.pl\/t\/index.php?rest_route=\/wp\/v2\/users\/1"}],"replies":[{"embeddable":true,"href":"http:\/\/wgphoto.pl\/t\/index.php?rest_route=%2Fwp%2Fv2%2Fcomments&post=9569"}],"version-history":[{"count":1,"href":"http:\/\/wgphoto.pl\/t\/index.php?rest_route=\/wp\/v2\/posts\/9569\/revisions"}],"predecessor-version":[{"id":9571,"href":"http:\/\/wgphoto.pl\/t\/index.php?rest_route=\/wp\/v2\/posts\/9569\/revisions\/9571"}],"wp:featuredmedia":[{"embeddable":true,"href":"http:\/\/wgphoto.pl\/t\/index.php?rest_route=\/wp\/v2\/media\/9570"}],"wp:attachment":[{"href":"http:\/\/wgphoto.pl\/t\/index.php?rest_route=%2Fwp%2Fv2%2Fmedia&parent=9569"}],"wp:term":[{"taxonomy":"category","embeddable":true,"href":"http:\/\/wgphoto.pl\/t\/index.php?rest_route=%2Fwp%2Fv2%2Fcategories&post=9569"},{"taxonomy":"post_tag","embeddable":true,"href":"http:\/\/wgphoto.pl\/t\/index.php?rest_route=%2Fwp%2Fv2%2Ftags&post=9569"}],"curies":[{"name":"wp","href":"https:\/\/api.w.org\/{rel}","templated":true}]}}