{"id":9612,"date":"2025-01-13T18:37:24","date_gmt":"2025-01-13T17:37:24","guid":{"rendered":"https:\/\/wgphoto.pl\/t\/?p=9612"},"modified":"2025-01-13T18:37:24","modified_gmt":"2025-01-13T17:37:24","slug":"combinatul-chimic","status":"publish","type":"post","link":"http:\/\/wgphoto.pl\/t\/?p=9612","title":{"rendered":"Combinatul Chimic"},"content":{"rendered":"\n<figure class=\"wp-block-image aligncenter size-full\"><img loading=\"lazy\" decoding=\"async\" width=\"1300\" height=\"861\" src=\"https:\/\/wgphoto.pl\/t\/wp-content\/uploads\/2025\/01\/IMGP1985.jpg\" alt=\"\" class=\"wp-image-9613\" srcset=\"http:\/\/wgphoto.pl\/t\/wp-content\/uploads\/2025\/01\/IMGP1985.jpg 1300w, http:\/\/wgphoto.pl\/t\/wp-content\/uploads\/2025\/01\/IMGP1985-300x199.jpg 300w, http:\/\/wgphoto.pl\/t\/wp-content\/uploads\/2025\/01\/IMGP1985-768x509.jpg 768w\" sizes=\"auto, (max-width: 1300px) 100vw, 1300px\" \/><\/figure>\n\n\n\n<div class=\"wp-block-group has-global-padding is-layout-constrained wp-block-group-is-layout-constrained\">\n<p>58-letni wagon z Innsbrucku (ex Bielefeld) wygl\u0105da ca\u0142kiem nie\u017ale za spraw\u0105 \u015bwie\u017cej reklamy lokalnego centrum handlowego. Pojazd ten przyby\u0142 na p\u0119tl\u0119 pod upad\u0142ym kombinatem, po kt\u00f3rym nawet zbyt wiele ju\u017c nie zosta\u0142o, i odbywa post\u00f3j przy peronie odjazdowym (tak, to jest przystanek). Motorniczy musia\u0142 mnie mie\u0107 za niez\u0142ego idiot\u0119 gdy biega\u0142em w tej trawie bladym \u015bwitem z wielkim plecakiem na plecach, zw\u0142aszcza \u017ce by\u0142em jedynym pasa\u017cerem, jakiego tam przywi\u00f3z\u0142 i po kilku minutach postoju stamt\u0105d zabra\u0142. 2015-08-19<\/p>\n<\/div>\n","protected":false},"excerpt":{"rendered":"<p>58-letni wagon z Innsbrucku (ex Bielefeld) wygl\u0105da ca\u0142kiem nie\u017ale za spraw\u0105 \u015bwie\u017cej reklamy lokalnego centrum handlowego. Pojazd ten przyby\u0142 na p\u0119tl\u0119 pod upad\u0142ym kombinatem, po kt\u00f3rym nawet zbyt wiele ju\u017c nie zosta\u0142o, i odbywa post\u00f3j przy peronie odjazdowym (tak, to jest przystanek). Motorniczy musia\u0142 mnie mie\u0107 za niez\u0142ego idiot\u0119 gdy biega\u0142em w tej trawie bladym [&hellip;]<\/p>\n","protected":false},"author":1,"featured_media":9613,"comment_status":"open","ping_status":"","sticky":false,"template":"","format":"standard","meta":{"footnotes":""},"categories":[104,3],"tags":[1173,1178,1177,13,101,176,574,561,1892,107],"class_list":["post-9612","post","type-post","status-publish","format-standard","has-post-thumbnail","hentry","category-rok-2015","category-tramwaj","tag-2015-08-19","tag-arad","tag-ctp-arad","tag-deszcz","tag-gt6","tag-rano","tag-rumunia","tag-tramwaj-podmiejski","tag-vladimirescu","tag-wakacje-2015"],"_links":{"self":[{"href":"http:\/\/wgphoto.pl\/t\/index.php?rest_route=\/wp\/v2\/posts\/9612","targetHints":{"allow":["GET"]}}],"collection":[{"href":"http:\/\/wgphoto.pl\/t\/index.php?rest_route=\/wp\/v2\/posts"}],"about":[{"href":"http:\/\/wgphoto.pl\/t\/index.php?rest_route=\/wp\/v2\/types\/post"}],"author":[{"embeddable":true,"href":"http:\/\/wgphoto.pl\/t\/index.php?rest_route=\/wp\/v2\/users\/1"}],"replies":[{"embeddable":true,"href":"http:\/\/wgphoto.pl\/t\/index.php?rest_route=%2Fwp%2Fv2%2Fcomments&post=9612"}],"version-history":[{"count":1,"href":"http:\/\/wgphoto.pl\/t\/index.php?rest_route=\/wp\/v2\/posts\/9612\/revisions"}],"predecessor-version":[{"id":9614,"href":"http:\/\/wgphoto.pl\/t\/index.php?rest_route=\/wp\/v2\/posts\/9612\/revisions\/9614"}],"wp:featuredmedia":[{"embeddable":true,"href":"http:\/\/wgphoto.pl\/t\/index.php?rest_route=\/wp\/v2\/media\/9613"}],"wp:attachment":[{"href":"http:\/\/wgphoto.pl\/t\/index.php?rest_route=%2Fwp%2Fv2%2Fmedia&parent=9612"}],"wp:term":[{"taxonomy":"category","embeddable":true,"href":"http:\/\/wgphoto.pl\/t\/index.php?rest_route=%2Fwp%2Fv2%2Fcategories&post=9612"},{"taxonomy":"post_tag","embeddable":true,"href":"http:\/\/wgphoto.pl\/t\/index.php?rest_route=%2Fwp%2Fv2%2Ftags&post=9612"}],"curies":[{"name":"wp","href":"https:\/\/api.w.org\/{rel}","templated":true}]}}