{"id":9720,"date":"2025-01-14T22:04:31","date_gmt":"2025-01-14T21:04:31","guid":{"rendered":"https:\/\/wgphoto.pl\/t\/?p=9720"},"modified":"2025-01-14T22:04:31","modified_gmt":"2025-01-14T21:04:31","slug":"105na-nr-13451346","status":"publish","type":"post","link":"http:\/\/wgphoto.pl\/t\/?p=9720","title":{"rendered":"105Na nr 1345+1346"},"content":{"rendered":"\n<figure class=\"wp-block-image aligncenter size-full\"><img loading=\"lazy\" decoding=\"async\" width=\"1050\" height=\"700\" src=\"https:\/\/wgphoto.pl\/t\/wp-content\/uploads\/2025\/01\/IMGP9645.jpg\" alt=\"\" class=\"wp-image-9721\" srcset=\"http:\/\/wgphoto.pl\/t\/wp-content\/uploads\/2025\/01\/IMGP9645.jpg 1050w, http:\/\/wgphoto.pl\/t\/wp-content\/uploads\/2025\/01\/IMGP9645-300x200.jpg 300w, http:\/\/wgphoto.pl\/t\/wp-content\/uploads\/2025\/01\/IMGP9645-768x512.jpg 768w\" sizes=\"auto, (max-width: 1050px) 100vw, 1050px\" \/><\/figure>\n\n\n\n<div class=\"wp-block-group has-global-padding is-layout-constrained wp-block-group-is-layout-constrained\">\n<p>Gda\u0144sk, ul. Wilhelma Stryjewskiego. Stopi\u0105tki po naprawie g\u0142\u00f3wnej przeprowadzonej w \u0141odzi, co mo\u017cna pozna\u0107 po kilku charakterystycznych szczeg\u00f3\u0142ach (np. klapa gniazda sterowania ukrotnionego na przodzie, jaka\u015b dziwna listwa ozdobna, kszta\u0142t rynienki dachowej oraz przeciwwiatrowej os\u0142ony pierwszych drzwi), zatrzymaj\u0105 si\u0119 zaraz na przystanku Zimna. Jeszcze par\u0119 zdj\u0119\u0107 gda\u0144skich stopi\u0105tek sprzed kilku lat, chocia\u017c do ca\u0142kowitego wymarcia temu gatunkowi jeszcze chyba troch\u0119 czasu zosta\u0142o. 02.03.2011<\/p>\n<\/div>\n","protected":false},"excerpt":{"rendered":"<p>Gda\u0144sk, ul. Wilhelma Stryjewskiego. Stopi\u0105tki po naprawie g\u0142\u00f3wnej przeprowadzonej w \u0141odzi, co mo\u017cna pozna\u0107 po kilku charakterystycznych szczeg\u00f3\u0142ach (np. klapa gniazda sterowania ukrotnionego na przodzie, jaka\u015b dziwna listwa ozdobna, kszta\u0142t rynienki dachowej oraz przeciwwiatrowej os\u0142ony pierwszych drzwi), zatrzymaj\u0105 si\u0119 zaraz na przystanku Zimna. Jeszcze par\u0119 zdj\u0119\u0107 gda\u0144skich stopi\u0105tek sprzed kilku lat, chocia\u017c do ca\u0142kowitego wymarcia [&hellip;]<\/p>\n","protected":false},"author":1,"featured_media":9721,"comment_status":"open","ping_status":"","sticky":false,"template":"","format":"standard","meta":{"footnotes":""},"categories":[77,3],"tags":[155,2759,907,27,44,480],"class_list":["post-9720","post","type-post","status-publish","format-standard","has-post-thumbnail","hentry","category-rok-2011","category-tramwaj","tag-105na","tag-2011-03-02","tag-gdansk","tag-polska","tag-snieg","tag-zkm-gdansk"],"_links":{"self":[{"href":"http:\/\/wgphoto.pl\/t\/index.php?rest_route=\/wp\/v2\/posts\/9720","targetHints":{"allow":["GET"]}}],"collection":[{"href":"http:\/\/wgphoto.pl\/t\/index.php?rest_route=\/wp\/v2\/posts"}],"about":[{"href":"http:\/\/wgphoto.pl\/t\/index.php?rest_route=\/wp\/v2\/types\/post"}],"author":[{"embeddable":true,"href":"http:\/\/wgphoto.pl\/t\/index.php?rest_route=\/wp\/v2\/users\/1"}],"replies":[{"embeddable":true,"href":"http:\/\/wgphoto.pl\/t\/index.php?rest_route=%2Fwp%2Fv2%2Fcomments&post=9720"}],"version-history":[{"count":1,"href":"http:\/\/wgphoto.pl\/t\/index.php?rest_route=\/wp\/v2\/posts\/9720\/revisions"}],"predecessor-version":[{"id":9722,"href":"http:\/\/wgphoto.pl\/t\/index.php?rest_route=\/wp\/v2\/posts\/9720\/revisions\/9722"}],"wp:featuredmedia":[{"embeddable":true,"href":"http:\/\/wgphoto.pl\/t\/index.php?rest_route=\/wp\/v2\/media\/9721"}],"wp:attachment":[{"href":"http:\/\/wgphoto.pl\/t\/index.php?rest_route=%2Fwp%2Fv2%2Fmedia&parent=9720"}],"wp:term":[{"taxonomy":"category","embeddable":true,"href":"http:\/\/wgphoto.pl\/t\/index.php?rest_route=%2Fwp%2Fv2%2Fcategories&post=9720"},{"taxonomy":"post_tag","embeddable":true,"href":"http:\/\/wgphoto.pl\/t\/index.php?rest_route=%2Fwp%2Fv2%2Ftags&post=9720"}],"curies":[{"name":"wp","href":"https:\/\/api.w.org\/{rel}","templated":true}]}}