{"id":9723,"date":"2025-01-14T22:05:29","date_gmt":"2025-01-14T21:05:29","guid":{"rendered":"https:\/\/wgphoto.pl\/t\/?p=9723"},"modified":"2025-01-14T22:05:29","modified_gmt":"2025-01-14T21:05:29","slug":"szablon-i-zielona-folia","status":"publish","type":"post","link":"http:\/\/wgphoto.pl\/t\/?p=9723","title":{"rendered":"Szablon i zielona folia"},"content":{"rendered":"\n<figure class=\"wp-block-image aligncenter size-full\"><img loading=\"lazy\" decoding=\"async\" width=\"1050\" height=\"700\" src=\"https:\/\/wgphoto.pl\/t\/wp-content\/uploads\/2025\/01\/IMGP9635.jpg\" alt=\"\" class=\"wp-image-9724\" srcset=\"http:\/\/wgphoto.pl\/t\/wp-content\/uploads\/2025\/01\/IMGP9635.jpg 1050w, http:\/\/wgphoto.pl\/t\/wp-content\/uploads\/2025\/01\/IMGP9635-300x200.jpg 300w, http:\/\/wgphoto.pl\/t\/wp-content\/uploads\/2025\/01\/IMGP9635-768x512.jpg 768w\" sizes=\"auto, (max-width: 1050px) 100vw, 1050px\" \/><\/figure>\n\n\n\n<div class=\"wp-block-group has-global-padding is-layout-constrained wp-block-group-is-layout-constrained\">\n<p>Gda\u0144sk, ul. Wilhelma Stryjewskiego. Za przedni\u0105 szyb\u0105 &#8211; pi\u0119kne tablice malowane od szablonu, sama za\u015b szyba standardowo oklejona zielon\u0105 foli\u0105. Pomijaj\u0105c wzgl\u0119dy estetyczne takiego rozwi\u0105zania, chyba przeszkadza\u0142oby mi to ze wzgl\u0119du na ograniczanie widoczno\u015bci. 02.03.2011<\/p>\n<\/div>\n","protected":false},"excerpt":{"rendered":"<p>Gda\u0144sk, ul. Wilhelma Stryjewskiego. Za przedni\u0105 szyb\u0105 &#8211; pi\u0119kne tablice malowane od szablonu, sama za\u015b szyba standardowo oklejona zielon\u0105 foli\u0105. Pomijaj\u0105c wzgl\u0119dy estetyczne takiego rozwi\u0105zania, chyba przeszkadza\u0142oby mi to ze wzgl\u0119du na ograniczanie widoczno\u015bci. 02.03.2011<\/p>\n","protected":false},"author":1,"featured_media":9724,"comment_status":"open","ping_status":"","sticky":false,"template":"","format":"standard","meta":{"footnotes":""},"categories":[77,3],"tags":[155,2759,907,151,27,44,480],"class_list":["post-9723","post","type-post","status-publish","format-standard","has-post-thumbnail","hentry","category-rok-2011","category-tramwaj","tag-105na","tag-2011-03-02","tag-gdansk","tag-ludzie","tag-polska","tag-snieg","tag-zkm-gdansk"],"_links":{"self":[{"href":"http:\/\/wgphoto.pl\/t\/index.php?rest_route=\/wp\/v2\/posts\/9723","targetHints":{"allow":["GET"]}}],"collection":[{"href":"http:\/\/wgphoto.pl\/t\/index.php?rest_route=\/wp\/v2\/posts"}],"about":[{"href":"http:\/\/wgphoto.pl\/t\/index.php?rest_route=\/wp\/v2\/types\/post"}],"author":[{"embeddable":true,"href":"http:\/\/wgphoto.pl\/t\/index.php?rest_route=\/wp\/v2\/users\/1"}],"replies":[{"embeddable":true,"href":"http:\/\/wgphoto.pl\/t\/index.php?rest_route=%2Fwp%2Fv2%2Fcomments&post=9723"}],"version-history":[{"count":1,"href":"http:\/\/wgphoto.pl\/t\/index.php?rest_route=\/wp\/v2\/posts\/9723\/revisions"}],"predecessor-version":[{"id":9725,"href":"http:\/\/wgphoto.pl\/t\/index.php?rest_route=\/wp\/v2\/posts\/9723\/revisions\/9725"}],"wp:featuredmedia":[{"embeddable":true,"href":"http:\/\/wgphoto.pl\/t\/index.php?rest_route=\/wp\/v2\/media\/9724"}],"wp:attachment":[{"href":"http:\/\/wgphoto.pl\/t\/index.php?rest_route=%2Fwp%2Fv2%2Fmedia&parent=9723"}],"wp:term":[{"taxonomy":"category","embeddable":true,"href":"http:\/\/wgphoto.pl\/t\/index.php?rest_route=%2Fwp%2Fv2%2Fcategories&post=9723"},{"taxonomy":"post_tag","embeddable":true,"href":"http:\/\/wgphoto.pl\/t\/index.php?rest_route=%2Fwp%2Fv2%2Ftags&post=9723"}],"curies":[{"name":"wp","href":"https:\/\/api.w.org\/{rel}","templated":true}]}}