{"id":9764,"date":"2025-01-14T22:23:24","date_gmt":"2025-01-14T21:23:24","guid":{"rendered":"https:\/\/wgphoto.pl\/t\/?p=9764"},"modified":"2025-01-14T22:23:24","modified_gmt":"2025-01-14T21:23:24","slug":"ep07-211-nad-mlynowka","status":"publish","type":"post","link":"http:\/\/wgphoto.pl\/t\/?p=9764","title":{"rendered":"EP07-211 nad M\u0142yn\u00f3wk\u0105"},"content":{"rendered":"\n<figure class=\"wp-block-image aligncenter size-full\"><img loading=\"lazy\" decoding=\"async\" width=\"1050\" height=\"700\" src=\"https:\/\/wgphoto.pl\/t\/wp-content\/uploads\/2025\/01\/IMGP0125.jpg\" alt=\"\" class=\"wp-image-9765\" srcset=\"http:\/\/wgphoto.pl\/t\/wp-content\/uploads\/2025\/01\/IMGP0125.jpg 1050w, http:\/\/wgphoto.pl\/t\/wp-content\/uploads\/2025\/01\/IMGP0125-300x200.jpg 300w, http:\/\/wgphoto.pl\/t\/wp-content\/uploads\/2025\/01\/IMGP0125-768x512.jpg 768w\" sizes=\"auto, (max-width: 1050px) 100vw, 1050px\" \/><\/figure>\n\n\n\n<div class=\"wp-block-group has-global-padding is-layout-constrained wp-block-group-is-layout-constrained\">\n<p>Poci\u0105g TLK 76102 &#8222;Przemys\u0142aw&#8221; z Zielonej G\u00f3ry do Krakowa G\u0142\u00f3wnego mija most nad M\u0142yn\u00f3wk\u0105 w obr\u0119bie stacji Opole G\u0142\u00f3wne. 10.10.2013<\/p>\n<\/div>\n","protected":false},"excerpt":{"rendered":"<p>Poci\u0105g TLK 76102 &#8222;Przemys\u0142aw&#8221; z Zielonej G\u00f3ry do Krakowa G\u0142\u00f3wnego mija most nad M\u0142yn\u00f3wk\u0105 w obr\u0119bie stacji Opole G\u0142\u00f3wne. 10.10.2013<\/p>\n","protected":false},"author":1,"featured_media":9765,"comment_status":"open","ping_status":"","sticky":false,"template":"","format":"standard","meta":{"footnotes":""},"categories":[2,55],"tags":[1390,124,126,45,1389,63,27,73,711],"class_list":["post-9764","post","type-post","status-publish","format-standard","has-post-thumbnail","hentry","category-kolej","category-rok-2013","tag-2013-10-10","tag-ep07","tag-jesien","tag-most","tag-opole-glowne","tag-pkp","tag-polska","tag-rzeka","tag-tab-pl220"],"_links":{"self":[{"href":"http:\/\/wgphoto.pl\/t\/index.php?rest_route=\/wp\/v2\/posts\/9764","targetHints":{"allow":["GET"]}}],"collection":[{"href":"http:\/\/wgphoto.pl\/t\/index.php?rest_route=\/wp\/v2\/posts"}],"about":[{"href":"http:\/\/wgphoto.pl\/t\/index.php?rest_route=\/wp\/v2\/types\/post"}],"author":[{"embeddable":true,"href":"http:\/\/wgphoto.pl\/t\/index.php?rest_route=\/wp\/v2\/users\/1"}],"replies":[{"embeddable":true,"href":"http:\/\/wgphoto.pl\/t\/index.php?rest_route=%2Fwp%2Fv2%2Fcomments&post=9764"}],"version-history":[{"count":1,"href":"http:\/\/wgphoto.pl\/t\/index.php?rest_route=\/wp\/v2\/posts\/9764\/revisions"}],"predecessor-version":[{"id":9766,"href":"http:\/\/wgphoto.pl\/t\/index.php?rest_route=\/wp\/v2\/posts\/9764\/revisions\/9766"}],"wp:featuredmedia":[{"embeddable":true,"href":"http:\/\/wgphoto.pl\/t\/index.php?rest_route=\/wp\/v2\/media\/9765"}],"wp:attachment":[{"href":"http:\/\/wgphoto.pl\/t\/index.php?rest_route=%2Fwp%2Fv2%2Fmedia&parent=9764"}],"wp:term":[{"taxonomy":"category","embeddable":true,"href":"http:\/\/wgphoto.pl\/t\/index.php?rest_route=%2Fwp%2Fv2%2Fcategories&post=9764"},{"taxonomy":"post_tag","embeddable":true,"href":"http:\/\/wgphoto.pl\/t\/index.php?rest_route=%2Fwp%2Fv2%2Ftags&post=9764"}],"curies":[{"name":"wp","href":"https:\/\/api.w.org\/{rel}","templated":true}]}}