{"id":9770,"date":"2025-01-14T22:25:28","date_gmt":"2025-01-14T21:25:28","guid":{"rendered":"https:\/\/wgphoto.pl\/t\/?p=9770"},"modified":"2025-01-15T23:37:10","modified_gmt":"2025-01-15T22:37:10","slug":"kolejowy-koniec-polski","status":"publish","type":"post","link":"http:\/\/wgphoto.pl\/t\/?p=9770","title":{"rendered":"Kolejowy koniec Polski"},"content":{"rendered":"\n<figure class=\"wp-block-image aligncenter size-full\"><img loading=\"lazy\" decoding=\"async\" width=\"1400\" height=\"927\" src=\"https:\/\/wgphoto.pl\/t\/wp-content\/uploads\/2025\/01\/IMGP4151.jpg\" alt=\"\" class=\"wp-image-9854\" srcset=\"http:\/\/wgphoto.pl\/t\/wp-content\/uploads\/2025\/01\/IMGP4151.jpg 1400w, http:\/\/wgphoto.pl\/t\/wp-content\/uploads\/2025\/01\/IMGP4151-300x199.jpg 300w, http:\/\/wgphoto.pl\/t\/wp-content\/uploads\/2025\/01\/IMGP4151-768x509.jpg 768w\" sizes=\"auto, (max-width: 1400px) 100vw, 1400px\" \/><\/figure>\n\n\n\n<div class=\"wp-block-group has-global-padding is-layout-constrained wp-block-group-is-layout-constrained\">\n<p>\u015awinouj\u015bcie. EN57-2069 jako poci\u0105g regio 88447 ze Szczecina G\u0142\u00f3wnego wje\u017cd\u017ca na stacj\u0119 docelow\u0105. W sumie jest to kolejowy koniec \u015bwiata, ale jako\u015b nie kr\u0119ci mnie tak jak te le\u017c\u0105ce po drugiej stronie Sudet\u00f3w. \ud83d\ude09 13.04.2014<\/p>\n<\/div>\n","protected":false},"excerpt":{"rendered":"<p>\u015awinouj\u015bcie. EN57-2069 jako poci\u0105g regio 88447 ze Szczecina G\u0142\u00f3wnego wje\u017cd\u017ca na stacj\u0119 docelow\u0105. W sumie jest to kolejowy koniec \u015bwiata, ale jako\u015b nie kr\u0119ci mnie tak jak te le\u017c\u0105ce po drugiej stronie Sudet\u00f3w. \ud83d\ude09 13.04.2014<\/p>\n","protected":false},"author":1,"featured_media":9854,"comment_status":"open","ping_status":"","sticky":false,"template":"","format":"standard","meta":{"footnotes":""},"categories":[2,48],"tags":[2943,132,63,27,2944,2945,231],"class_list":["post-9770","post","type-post","status-publish","format-standard","has-post-thumbnail","hentry","category-kolej","category-rok-2014","tag-2014-04-13","tag-en57","tag-pkp","tag-polska","tag-swinoujscie","tag-tab-pl370","tag-wieza-cisnien"],"_links":{"self":[{"href":"http:\/\/wgphoto.pl\/t\/index.php?rest_route=\/wp\/v2\/posts\/9770","targetHints":{"allow":["GET"]}}],"collection":[{"href":"http:\/\/wgphoto.pl\/t\/index.php?rest_route=\/wp\/v2\/posts"}],"about":[{"href":"http:\/\/wgphoto.pl\/t\/index.php?rest_route=\/wp\/v2\/types\/post"}],"author":[{"embeddable":true,"href":"http:\/\/wgphoto.pl\/t\/index.php?rest_route=\/wp\/v2\/users\/1"}],"replies":[{"embeddable":true,"href":"http:\/\/wgphoto.pl\/t\/index.php?rest_route=%2Fwp%2Fv2%2Fcomments&post=9770"}],"version-history":[{"count":2,"href":"http:\/\/wgphoto.pl\/t\/index.php?rest_route=\/wp\/v2\/posts\/9770\/revisions"}],"predecessor-version":[{"id":9855,"href":"http:\/\/wgphoto.pl\/t\/index.php?rest_route=\/wp\/v2\/posts\/9770\/revisions\/9855"}],"wp:featuredmedia":[{"embeddable":true,"href":"http:\/\/wgphoto.pl\/t\/index.php?rest_route=\/wp\/v2\/media\/9854"}],"wp:attachment":[{"href":"http:\/\/wgphoto.pl\/t\/index.php?rest_route=%2Fwp%2Fv2%2Fmedia&parent=9770"}],"wp:term":[{"taxonomy":"category","embeddable":true,"href":"http:\/\/wgphoto.pl\/t\/index.php?rest_route=%2Fwp%2Fv2%2Fcategories&post=9770"},{"taxonomy":"post_tag","embeddable":true,"href":"http:\/\/wgphoto.pl\/t\/index.php?rest_route=%2Fwp%2Fv2%2Ftags&post=9770"}],"curies":[{"name":"wp","href":"https:\/\/api.w.org\/{rel}","templated":true}]}}