{"id":9807,"date":"2025-01-15T18:01:45","date_gmt":"2025-01-15T17:01:45","guid":{"rendered":"https:\/\/wgphoto.pl\/t\/?p=9807"},"modified":"2025-01-15T18:01:45","modified_gmt":"2025-01-15T17:01:45","slug":"praha-radotin","status":"publish","type":"post","link":"http:\/\/wgphoto.pl\/t\/?p=9807","title":{"rendered":"Praha-Radot\u00edn"},"content":{"rendered":"\n<figure class=\"wp-block-image aligncenter size-full\"><img loading=\"lazy\" decoding=\"async\" width=\"1050\" height=\"700\" src=\"https:\/\/wgphoto.pl\/t\/wp-content\/uploads\/2025\/01\/IMGP3683-1.jpg\" alt=\"\" class=\"wp-image-9808\" srcset=\"http:\/\/wgphoto.pl\/t\/wp-content\/uploads\/2025\/01\/IMGP3683-1.jpg 1050w, http:\/\/wgphoto.pl\/t\/wp-content\/uploads\/2025\/01\/IMGP3683-1-300x200.jpg 300w, http:\/\/wgphoto.pl\/t\/wp-content\/uploads\/2025\/01\/IMGP3683-1-768x512.jpg 768w\" sizes=\"auto, (max-width: 1050px) 100vw, 1050px\" \/><\/figure>\n\n\n\n<div class=\"wp-block-group has-global-padding is-layout-constrained wp-block-group-is-layout-constrained\">\n<p>Poci\u0105g osobowy 8841 relacji Beroun &#8211; Praha hl.n. obs\u0142ugiwany by\u0142 tego dnia przez jednostk\u0119 zestawion\u0105 z wagon\u00f3w o r\u00f3\u017cnych schematach malowania &#8211; obu obowi\u0105zuj\u0105cych w przednajbrtowej epoce (Najbrt to nowy, niebieski schemat malowania pojazd\u00f3w \u010cD). Przegl\u0105daj\u0105c zaistnia\u0142\u0105 tu ostatnio seri\u0119 zdj\u0119\u0107 przedstawiaj\u0105c\u0105 te sympatyczne pojazdy mo\u017cna tak\u017ce por\u00f3wna\u0107 zmieniaj\u0105cy si\u0119 wygl\u0105d \u015bcian czo\u0142owych. 01.04.2014<\/p>\n<\/div>\n","protected":false},"excerpt":{"rendered":"<p>Poci\u0105g osobowy 8841 relacji Beroun &#8211; Praha hl.n. obs\u0142ugiwany by\u0142 tego dnia przez jednostk\u0119 zestawion\u0105 z wagon\u00f3w o r\u00f3\u017cnych schematach malowania &#8211; obu obowi\u0105zuj\u0105cych w przednajbrtowej epoce (Najbrt to nowy, niebieski schemat malowania pojazd\u00f3w \u010cD). Przegl\u0105daj\u0105c zaistnia\u0142\u0105 tu ostatnio seri\u0119 zdj\u0119\u0107 przedstawiaj\u0105c\u0105 te sympatyczne pojazdy mo\u017cna tak\u017ce por\u00f3wna\u0107 zmieniaj\u0105cy si\u0119 wygl\u0105d \u015bcian czo\u0142owych. 01.04.2014<\/p>\n","protected":false},"author":1,"featured_media":9808,"comment_status":"open","ping_status":"","sticky":false,"template":"","format":"standard","meta":{"footnotes":""},"categories":[2,48],"tags":[702,351,50,49,52,2955,2887],"class_list":["post-9807","post","type-post","status-publish","format-standard","has-post-thumbnail","hentry","category-kolej","category-rok-2014","tag-2014-04-01","tag-351","tag-cd","tag-czechy","tag-praga","tag-praha-radotin","tag-tab-cz171"],"_links":{"self":[{"href":"http:\/\/wgphoto.pl\/t\/index.php?rest_route=\/wp\/v2\/posts\/9807","targetHints":{"allow":["GET"]}}],"collection":[{"href":"http:\/\/wgphoto.pl\/t\/index.php?rest_route=\/wp\/v2\/posts"}],"about":[{"href":"http:\/\/wgphoto.pl\/t\/index.php?rest_route=\/wp\/v2\/types\/post"}],"author":[{"embeddable":true,"href":"http:\/\/wgphoto.pl\/t\/index.php?rest_route=\/wp\/v2\/users\/1"}],"replies":[{"embeddable":true,"href":"http:\/\/wgphoto.pl\/t\/index.php?rest_route=%2Fwp%2Fv2%2Fcomments&post=9807"}],"version-history":[{"count":1,"href":"http:\/\/wgphoto.pl\/t\/index.php?rest_route=\/wp\/v2\/posts\/9807\/revisions"}],"predecessor-version":[{"id":9809,"href":"http:\/\/wgphoto.pl\/t\/index.php?rest_route=\/wp\/v2\/posts\/9807\/revisions\/9809"}],"wp:featuredmedia":[{"embeddable":true,"href":"http:\/\/wgphoto.pl\/t\/index.php?rest_route=\/wp\/v2\/media\/9808"}],"wp:attachment":[{"href":"http:\/\/wgphoto.pl\/t\/index.php?rest_route=%2Fwp%2Fv2%2Fmedia&parent=9807"}],"wp:term":[{"taxonomy":"category","embeddable":true,"href":"http:\/\/wgphoto.pl\/t\/index.php?rest_route=%2Fwp%2Fv2%2Fcategories&post=9807"},{"taxonomy":"post_tag","embeddable":true,"href":"http:\/\/wgphoto.pl\/t\/index.php?rest_route=%2Fwp%2Fv2%2Ftags&post=9807"}],"curies":[{"name":"wp","href":"https:\/\/api.w.org\/{rel}","templated":true}]}}