{"id":9810,"date":"2025-01-15T18:02:39","date_gmt":"2025-01-15T17:02:39","guid":{"rendered":"https:\/\/wgphoto.pl\/t\/?p=9810"},"modified":"2025-01-15T18:02:39","modified_gmt":"2025-01-15T17:02:39","slug":"wstep-do-1-klasy","status":"publish","type":"post","link":"http:\/\/wgphoto.pl\/t\/?p=9810","title":{"rendered":"Wst\u0119p do 1 klasy"},"content":{"rendered":"\n<figure class=\"wp-block-image aligncenter size-full\"><img loading=\"lazy\" decoding=\"async\" width=\"1050\" height=\"700\" src=\"https:\/\/wgphoto.pl\/t\/wp-content\/uploads\/2025\/01\/IMGP0228.jpg\" alt=\"\" class=\"wp-image-9811\" srcset=\"http:\/\/wgphoto.pl\/t\/wp-content\/uploads\/2025\/01\/IMGP0228.jpg 1050w, http:\/\/wgphoto.pl\/t\/wp-content\/uploads\/2025\/01\/IMGP0228-300x200.jpg 300w, http:\/\/wgphoto.pl\/t\/wp-content\/uploads\/2025\/01\/IMGP0228-768x512.jpg 768w\" sizes=\"auto, (max-width: 1050px) 100vw, 1050px\" \/><\/figure>\n\n\n\n<div class=\"wp-block-group has-global-padding is-layout-constrained wp-block-group-is-layout-constrained\">\n<p>Pierwsza klasa mie\u015bci si\u0119 w jednostkach serii 471\/971 na pi\u0119trze wagonu nap\u0119dowego (471). O wst\u0119pie do &#8222;lepszego&#8221; przedzia\u0142u przypomina napis umieszczony na wysoko\u015bci wzroku wchodz\u0105cego po schodach pasa\u017cera. 20.10.2013<\/p>\n<\/div>\n","protected":false},"excerpt":{"rendered":"<p>Pierwsza klasa mie\u015bci si\u0119 w jednostkach serii 471\/971 na pi\u0119trze wagonu nap\u0119dowego (471). O wst\u0119pie do &#8222;lepszego&#8221; przedzia\u0142u przypomina napis umieszczony na wysoko\u015bci wzroku wchodz\u0105cego po schodach pasa\u017cera. 20.10.2013<\/p>\n","protected":false},"author":1,"featured_media":9811,"comment_status":"open","ping_status":"","sticky":false,"template":"","format":"standard","meta":{"footnotes":""},"categories":[220,2,55],"tags":[2956,351,50,49,454],"class_list":["post-9810","post","type-post","status-publish","format-standard","has-post-thumbnail","hentry","category-blo","category-kolej","category-rok-2013","tag-2013-10-20","tag-351","tag-cd","tag-czechy","tag-wnetrza-pojazdow"],"_links":{"self":[{"href":"http:\/\/wgphoto.pl\/t\/index.php?rest_route=\/wp\/v2\/posts\/9810","targetHints":{"allow":["GET"]}}],"collection":[{"href":"http:\/\/wgphoto.pl\/t\/index.php?rest_route=\/wp\/v2\/posts"}],"about":[{"href":"http:\/\/wgphoto.pl\/t\/index.php?rest_route=\/wp\/v2\/types\/post"}],"author":[{"embeddable":true,"href":"http:\/\/wgphoto.pl\/t\/index.php?rest_route=\/wp\/v2\/users\/1"}],"replies":[{"embeddable":true,"href":"http:\/\/wgphoto.pl\/t\/index.php?rest_route=%2Fwp%2Fv2%2Fcomments&post=9810"}],"version-history":[{"count":1,"href":"http:\/\/wgphoto.pl\/t\/index.php?rest_route=\/wp\/v2\/posts\/9810\/revisions"}],"predecessor-version":[{"id":9812,"href":"http:\/\/wgphoto.pl\/t\/index.php?rest_route=\/wp\/v2\/posts\/9810\/revisions\/9812"}],"wp:featuredmedia":[{"embeddable":true,"href":"http:\/\/wgphoto.pl\/t\/index.php?rest_route=\/wp\/v2\/media\/9811"}],"wp:attachment":[{"href":"http:\/\/wgphoto.pl\/t\/index.php?rest_route=%2Fwp%2Fv2%2Fmedia&parent=9810"}],"wp:term":[{"taxonomy":"category","embeddable":true,"href":"http:\/\/wgphoto.pl\/t\/index.php?rest_route=%2Fwp%2Fv2%2Fcategories&post=9810"},{"taxonomy":"post_tag","embeddable":true,"href":"http:\/\/wgphoto.pl\/t\/index.php?rest_route=%2Fwp%2Fv2%2Ftags&post=9810"}],"curies":[{"name":"wp","href":"https:\/\/api.w.org\/{rel}","templated":true}]}}