{"id":9813,"date":"2025-01-15T18:03:30","date_gmt":"2025-01-15T17:03:30","guid":{"rendered":"https:\/\/wgphoto.pl\/t\/?p=9813"},"modified":"2025-01-15T18:03:30","modified_gmt":"2025-01-15T17:03:30","slug":"1-klasa","status":"publish","type":"post","link":"http:\/\/wgphoto.pl\/t\/?p=9813","title":{"rendered":"1 klasa"},"content":{"rendered":"\n<figure class=\"wp-block-image aligncenter size-full\"><img loading=\"lazy\" decoding=\"async\" width=\"1050\" height=\"700\" src=\"https:\/\/wgphoto.pl\/t\/wp-content\/uploads\/2025\/01\/IMGP0229.jpg\" alt=\"\" class=\"wp-image-9814\" srcset=\"http:\/\/wgphoto.pl\/t\/wp-content\/uploads\/2025\/01\/IMGP0229.jpg 1050w, http:\/\/wgphoto.pl\/t\/wp-content\/uploads\/2025\/01\/IMGP0229-300x200.jpg 300w, http:\/\/wgphoto.pl\/t\/wp-content\/uploads\/2025\/01\/IMGP0229-768x512.jpg 768w\" sizes=\"auto, (max-width: 1050px) 100vw, 1050px\" \/><\/figure>\n\n\n\n<div class=\"wp-block-group has-global-padding is-layout-constrained wp-block-group-is-layout-constrained\">\n<p>Przedzia\u0142 pierwszej klasy wyr\u00f3\u017cnia si\u0119 uk\u0142adem siedze\u0144 2+1, nieco wygodniejszymi fotelami oraz kolorystyk\u0105. 20.10.2013<\/p>\n<\/div>\n","protected":false},"excerpt":{"rendered":"<p>Przedzia\u0142 pierwszej klasy wyr\u00f3\u017cnia si\u0119 uk\u0142adem siedze\u0144 2+1, nieco wygodniejszymi fotelami oraz kolorystyk\u0105. 20.10.2013<\/p>\n","protected":false},"author":1,"featured_media":9814,"comment_status":"open","ping_status":"","sticky":false,"template":"","format":"standard","meta":{"footnotes":""},"categories":[220,2,55],"tags":[2956,351,50,49,454],"class_list":["post-9813","post","type-post","status-publish","format-standard","has-post-thumbnail","hentry","category-blo","category-kolej","category-rok-2013","tag-2013-10-20","tag-351","tag-cd","tag-czechy","tag-wnetrza-pojazdow"],"_links":{"self":[{"href":"http:\/\/wgphoto.pl\/t\/index.php?rest_route=\/wp\/v2\/posts\/9813","targetHints":{"allow":["GET"]}}],"collection":[{"href":"http:\/\/wgphoto.pl\/t\/index.php?rest_route=\/wp\/v2\/posts"}],"about":[{"href":"http:\/\/wgphoto.pl\/t\/index.php?rest_route=\/wp\/v2\/types\/post"}],"author":[{"embeddable":true,"href":"http:\/\/wgphoto.pl\/t\/index.php?rest_route=\/wp\/v2\/users\/1"}],"replies":[{"embeddable":true,"href":"http:\/\/wgphoto.pl\/t\/index.php?rest_route=%2Fwp%2Fv2%2Fcomments&post=9813"}],"version-history":[{"count":1,"href":"http:\/\/wgphoto.pl\/t\/index.php?rest_route=\/wp\/v2\/posts\/9813\/revisions"}],"predecessor-version":[{"id":9815,"href":"http:\/\/wgphoto.pl\/t\/index.php?rest_route=\/wp\/v2\/posts\/9813\/revisions\/9815"}],"wp:featuredmedia":[{"embeddable":true,"href":"http:\/\/wgphoto.pl\/t\/index.php?rest_route=\/wp\/v2\/media\/9814"}],"wp:attachment":[{"href":"http:\/\/wgphoto.pl\/t\/index.php?rest_route=%2Fwp%2Fv2%2Fmedia&parent=9813"}],"wp:term":[{"taxonomy":"category","embeddable":true,"href":"http:\/\/wgphoto.pl\/t\/index.php?rest_route=%2Fwp%2Fv2%2Fcategories&post=9813"},{"taxonomy":"post_tag","embeddable":true,"href":"http:\/\/wgphoto.pl\/t\/index.php?rest_route=%2Fwp%2Fv2%2Ftags&post=9813"}],"curies":[{"name":"wp","href":"https:\/\/api.w.org\/{rel}","templated":true}]}}