{"id":9816,"date":"2025-01-15T18:04:18","date_gmt":"2025-01-15T17:04:18","guid":{"rendered":"https:\/\/wgphoto.pl\/t\/?p=9816"},"modified":"2025-01-15T18:04:18","modified_gmt":"2025-01-15T17:04:18","slug":"2-klasa","status":"publish","type":"post","link":"http:\/\/wgphoto.pl\/t\/?p=9816","title":{"rendered":"2 klasa"},"content":{"rendered":"\n<figure class=\"wp-block-image aligncenter size-full\"><img loading=\"lazy\" decoding=\"async\" width=\"1050\" height=\"700\" src=\"https:\/\/wgphoto.pl\/t\/wp-content\/uploads\/2025\/01\/IMGP0231.jpg\" alt=\"\" class=\"wp-image-9817\" srcset=\"http:\/\/wgphoto.pl\/t\/wp-content\/uploads\/2025\/01\/IMGP0231.jpg 1050w, http:\/\/wgphoto.pl\/t\/wp-content\/uploads\/2025\/01\/IMGP0231-300x200.jpg 300w, http:\/\/wgphoto.pl\/t\/wp-content\/uploads\/2025\/01\/IMGP0231-768x512.jpg 768w\" sizes=\"auto, (max-width: 1050px) 100vw, 1050px\" \/><\/figure>\n\n\n\n<div class=\"wp-block-group has-global-padding is-layout-constrained wp-block-group-is-layout-constrained\">\n<p>Przedzia\u0142 klasy drugiej ma zaskakuj\u0105co przyjemn\u0105 kolorystyk\u0119 (w \u017cyciu bym nie przypuszcza\u0142, \u017ce spodoba mi si\u0119 po\u0142\u0105czenie koloru czerwonego z fioletowym). Na zdj\u0119ciu warto zwr\u00f3ci\u0107 uwag\u0119 na uk\u0142ad siedze\u0144 nad przedsionkami wej\u015bciowymi, gdzie \u015bciany s\u0105 nieco poszerzone aby pomie\u015bci\u0107 w ich wn\u0119trzu nap\u0119dy drzwi (widoczne jest przesuni\u0119cie pierwszych foteli wzgl\u0119dem pozosta\u0142ych) oraz na p\u00f3\u0142ki baga\u017cowe, o kt\u00f3re ka\u017cdy &#8222;niedzielny&#8221; pasa\u017cer wyr\u017cnie g\u0142ow\u0105 podczas wstawania i dlatego s\u0105 one imho jedynym nietrafionym pomys\u0142em we wn\u0119trzu City Elefant\u00f3w. 20.10.2013<\/p>\n<\/div>\n","protected":false},"excerpt":{"rendered":"<p>Przedzia\u0142 klasy drugiej ma zaskakuj\u0105co przyjemn\u0105 kolorystyk\u0119 (w \u017cyciu bym nie przypuszcza\u0142, \u017ce spodoba mi si\u0119 po\u0142\u0105czenie koloru czerwonego z fioletowym). Na zdj\u0119ciu warto zwr\u00f3ci\u0107 uwag\u0119 na uk\u0142ad siedze\u0144 nad przedsionkami wej\u015bciowymi, gdzie \u015bciany s\u0105 nieco poszerzone aby pomie\u015bci\u0107 w ich wn\u0119trzu nap\u0119dy drzwi (widoczne jest przesuni\u0119cie pierwszych foteli wzgl\u0119dem pozosta\u0142ych) oraz na p\u00f3\u0142ki baga\u017cowe, [&hellip;]<\/p>\n","protected":false},"author":1,"featured_media":9817,"comment_status":"open","ping_status":"","sticky":false,"template":"","format":"standard","meta":{"footnotes":""},"categories":[220,2,55],"tags":[2956,351,50,49,454],"class_list":["post-9816","post","type-post","status-publish","format-standard","has-post-thumbnail","hentry","category-blo","category-kolej","category-rok-2013","tag-2013-10-20","tag-351","tag-cd","tag-czechy","tag-wnetrza-pojazdow"],"_links":{"self":[{"href":"http:\/\/wgphoto.pl\/t\/index.php?rest_route=\/wp\/v2\/posts\/9816","targetHints":{"allow":["GET"]}}],"collection":[{"href":"http:\/\/wgphoto.pl\/t\/index.php?rest_route=\/wp\/v2\/posts"}],"about":[{"href":"http:\/\/wgphoto.pl\/t\/index.php?rest_route=\/wp\/v2\/types\/post"}],"author":[{"embeddable":true,"href":"http:\/\/wgphoto.pl\/t\/index.php?rest_route=\/wp\/v2\/users\/1"}],"replies":[{"embeddable":true,"href":"http:\/\/wgphoto.pl\/t\/index.php?rest_route=%2Fwp%2Fv2%2Fcomments&post=9816"}],"version-history":[{"count":1,"href":"http:\/\/wgphoto.pl\/t\/index.php?rest_route=\/wp\/v2\/posts\/9816\/revisions"}],"predecessor-version":[{"id":9818,"href":"http:\/\/wgphoto.pl\/t\/index.php?rest_route=\/wp\/v2\/posts\/9816\/revisions\/9818"}],"wp:featuredmedia":[{"embeddable":true,"href":"http:\/\/wgphoto.pl\/t\/index.php?rest_route=\/wp\/v2\/media\/9817"}],"wp:attachment":[{"href":"http:\/\/wgphoto.pl\/t\/index.php?rest_route=%2Fwp%2Fv2%2Fmedia&parent=9816"}],"wp:term":[{"taxonomy":"category","embeddable":true,"href":"http:\/\/wgphoto.pl\/t\/index.php?rest_route=%2Fwp%2Fv2%2Fcategories&post=9816"},{"taxonomy":"post_tag","embeddable":true,"href":"http:\/\/wgphoto.pl\/t\/index.php?rest_route=%2Fwp%2Fv2%2Ftags&post=9816"}],"curies":[{"name":"wp","href":"https:\/\/api.w.org\/{rel}","templated":true}]}}