{"id":9819,"date":"2025-01-15T18:05:11","date_gmt":"2025-01-15T17:05:11","guid":{"rendered":"https:\/\/wgphoto.pl\/t\/?p=9819"},"modified":"2025-01-15T18:05:11","modified_gmt":"2025-01-15T17:05:11","slug":"zabak-najbrciany","status":"publish","type":"post","link":"http:\/\/wgphoto.pl\/t\/?p=9819","title":{"rendered":"\u017babak najbrciany"},"content":{"rendered":"\n<figure class=\"wp-block-image aligncenter size-full\"><img loading=\"lazy\" decoding=\"async\" width=\"1300\" height=\"861\" src=\"https:\/\/wgphoto.pl\/t\/wp-content\/uploads\/2025\/01\/IMGP3677.jpg\" alt=\"\" class=\"wp-image-9820\" srcset=\"http:\/\/wgphoto.pl\/t\/wp-content\/uploads\/2025\/01\/IMGP3677.jpg 1300w, http:\/\/wgphoto.pl\/t\/wp-content\/uploads\/2025\/01\/IMGP3677-300x199.jpg 300w, http:\/\/wgphoto.pl\/t\/wp-content\/uploads\/2025\/01\/IMGP3677-768x509.jpg 768w\" sizes=\"auto, (max-width: 1300px) 100vw, 1300px\" \/><\/figure>\n\n\n\n<div class=\"wp-block-group has-global-padding is-layout-constrained wp-block-group-is-layout-constrained\">\n<p>Kontynuuj\u0105c w\u0105tek czeskich EZT-\u00f3w\u2026 Poci\u0105g podmiejski 33131 relacji Kralupy nad Vltavou &#8211; Praha Masarykovo n\u00e1dra\u017e\u00ed zatrzymuje si\u0119 w Roztokach ko\u0142o Pragi. Wszystkie poci\u0105gi osobowe podje\u017cd\u017ca\u0142y o jeden tor bli\u017cej budynku dworcowego ni\u017cby mog\u0142y (torami g\u0142\u00f3wnymi s\u0105 dwa na pierwszym planie), co korzystnie wp\u0142yn\u0119\u0142o na kompozycj\u0119 kadru. Co za\u015b si\u0119 kolorystyki poci\u0105gu tyczy &#8211; zdaje si\u0119, \u017ce niewiele jednostek tej serii doczeka\u0142o nowego malowania \u010cD. 2014-04-01<\/p>\n<\/div>\n","protected":false},"excerpt":{"rendered":"<p>Kontynuuj\u0105c w\u0105tek czeskich EZT-\u00f3w\u2026 Poci\u0105g podmiejski 33131 relacji Kralupy nad Vltavou &#8211; Praha Masarykovo n\u00e1dra\u017e\u00ed zatrzymuje si\u0119 w Roztokach ko\u0142o Pragi. Wszystkie poci\u0105gi osobowe podje\u017cd\u017ca\u0142y o jeden tor bli\u017cej budynku dworcowego ni\u017cby mog\u0142y (torami g\u0142\u00f3wnymi s\u0105 dwa na pierwszym planie), co korzystnie wp\u0142yn\u0119\u0142o na kompozycj\u0119 kadru. Co za\u015b si\u0119 kolorystyki poci\u0105gu tyczy &#8211; zdaje si\u0119, [&hellip;]<\/p>\n","protected":false},"author":1,"featured_media":9820,"comment_status":"open","ping_status":"","sticky":false,"template":"","format":"standard","meta":{"footnotes":""},"categories":[2,48],"tags":[702,972,50,49,2957,349],"class_list":["post-9819","post","type-post","status-publish","format-standard","has-post-thumbnail","hentry","category-kolej","category-rok-2014","tag-2014-04-01","tag-972","tag-cd","tag-czechy","tag-roztoky-u-prahy","tag-tab-cz090"],"_links":{"self":[{"href":"http:\/\/wgphoto.pl\/t\/index.php?rest_route=\/wp\/v2\/posts\/9819","targetHints":{"allow":["GET"]}}],"collection":[{"href":"http:\/\/wgphoto.pl\/t\/index.php?rest_route=\/wp\/v2\/posts"}],"about":[{"href":"http:\/\/wgphoto.pl\/t\/index.php?rest_route=\/wp\/v2\/types\/post"}],"author":[{"embeddable":true,"href":"http:\/\/wgphoto.pl\/t\/index.php?rest_route=\/wp\/v2\/users\/1"}],"replies":[{"embeddable":true,"href":"http:\/\/wgphoto.pl\/t\/index.php?rest_route=%2Fwp%2Fv2%2Fcomments&post=9819"}],"version-history":[{"count":1,"href":"http:\/\/wgphoto.pl\/t\/index.php?rest_route=\/wp\/v2\/posts\/9819\/revisions"}],"predecessor-version":[{"id":9821,"href":"http:\/\/wgphoto.pl\/t\/index.php?rest_route=\/wp\/v2\/posts\/9819\/revisions\/9821"}],"wp:featuredmedia":[{"embeddable":true,"href":"http:\/\/wgphoto.pl\/t\/index.php?rest_route=\/wp\/v2\/media\/9820"}],"wp:attachment":[{"href":"http:\/\/wgphoto.pl\/t\/index.php?rest_route=%2Fwp%2Fv2%2Fmedia&parent=9819"}],"wp:term":[{"taxonomy":"category","embeddable":true,"href":"http:\/\/wgphoto.pl\/t\/index.php?rest_route=%2Fwp%2Fv2%2Fcategories&post=9819"},{"taxonomy":"post_tag","embeddable":true,"href":"http:\/\/wgphoto.pl\/t\/index.php?rest_route=%2Fwp%2Fv2%2Ftags&post=9819"}],"curies":[{"name":"wp","href":"https:\/\/api.w.org\/{rel}","templated":true}]}}