{"id":9822,"date":"2025-01-15T18:06:18","date_gmt":"2025-01-15T17:06:18","guid":{"rendered":"https:\/\/wgphoto.pl\/t\/?p=9822"},"modified":"2025-01-15T18:06:18","modified_gmt":"2025-01-15T17:06:18","slug":"retro-zabak","status":"publish","type":"post","link":"http:\/\/wgphoto.pl\/t\/?p=9822","title":{"rendered":"Retro \u017cabak"},"content":{"rendered":"\n<figure class=\"wp-block-image aligncenter size-full\"><img loading=\"lazy\" decoding=\"async\" width=\"1200\" height=\"795\" src=\"https:\/\/wgphoto.pl\/t\/wp-content\/uploads\/2025\/01\/IMGP3795.jpg\" alt=\"\" class=\"wp-image-9823\" srcset=\"http:\/\/wgphoto.pl\/t\/wp-content\/uploads\/2025\/01\/IMGP3795.jpg 1200w, http:\/\/wgphoto.pl\/t\/wp-content\/uploads\/2025\/01\/IMGP3795-300x199.jpg 300w, http:\/\/wgphoto.pl\/t\/wp-content\/uploads\/2025\/01\/IMGP3795-768x509.jpg 768w\" sizes=\"auto, (max-width: 1200px) 100vw, 1200px\" \/><\/figure>\n\n\n\n<div class=\"wp-block-group has-global-padding is-layout-constrained wp-block-group-is-layout-constrained\">\n<p>451 026\/025 jako poci\u0105g osobowy 33142 do Kralup nad Vltavou oczekuje pory odjazdu z Prahy Masarykova n\u00e1dra\u017e\u00ed. Jednostka ta od 2010 roku prezentuje si\u0119 w malowaniu odpowiadaj\u0105cym temu, w jakim w 1964 roku zaprezentowano na targach w Brnie pierwsz\u0105 seryjn\u0105 jednostk\u0119 serii 451. 2014-04-01<\/p>\n<\/div>\n","protected":false},"excerpt":{"rendered":"<p>451 026\/025 jako poci\u0105g osobowy 33142 do Kralup nad Vltavou oczekuje pory odjazdu z Prahy Masarykova n\u00e1dra\u017e\u00ed. Jednostka ta od 2010 roku prezentuje si\u0119 w malowaniu odpowiadaj\u0105cym temu, w jakim w 1964 roku zaprezentowano na targach w Brnie pierwsz\u0105 seryjn\u0105 jednostk\u0119 serii 451. 2014-04-01<\/p>\n","protected":false},"author":1,"featured_media":9823,"comment_status":"open","ping_status":"","sticky":false,"template":"","format":"standard","meta":{"footnotes":""},"categories":[2,48],"tags":[702,972,50,49,94,154,52,2373,139,349],"class_list":["post-9822","post","type-post","status-publish","format-standard","has-post-thumbnail","hentry","category-kolej","category-rok-2014","tag-2014-04-01","tag-972","tag-cd","tag-czechy","tag-na-kolejowym-koncu-swiata","tag-noc","tag-praga","tag-praha-masarykovo-nadrazi","tag-retro","tag-tab-cz090"],"_links":{"self":[{"href":"http:\/\/wgphoto.pl\/t\/index.php?rest_route=\/wp\/v2\/posts\/9822","targetHints":{"allow":["GET"]}}],"collection":[{"href":"http:\/\/wgphoto.pl\/t\/index.php?rest_route=\/wp\/v2\/posts"}],"about":[{"href":"http:\/\/wgphoto.pl\/t\/index.php?rest_route=\/wp\/v2\/types\/post"}],"author":[{"embeddable":true,"href":"http:\/\/wgphoto.pl\/t\/index.php?rest_route=\/wp\/v2\/users\/1"}],"replies":[{"embeddable":true,"href":"http:\/\/wgphoto.pl\/t\/index.php?rest_route=%2Fwp%2Fv2%2Fcomments&post=9822"}],"version-history":[{"count":1,"href":"http:\/\/wgphoto.pl\/t\/index.php?rest_route=\/wp\/v2\/posts\/9822\/revisions"}],"predecessor-version":[{"id":9824,"href":"http:\/\/wgphoto.pl\/t\/index.php?rest_route=\/wp\/v2\/posts\/9822\/revisions\/9824"}],"wp:featuredmedia":[{"embeddable":true,"href":"http:\/\/wgphoto.pl\/t\/index.php?rest_route=\/wp\/v2\/media\/9823"}],"wp:attachment":[{"href":"http:\/\/wgphoto.pl\/t\/index.php?rest_route=%2Fwp%2Fv2%2Fmedia&parent=9822"}],"wp:term":[{"taxonomy":"category","embeddable":true,"href":"http:\/\/wgphoto.pl\/t\/index.php?rest_route=%2Fwp%2Fv2%2Fcategories&post=9822"},{"taxonomy":"post_tag","embeddable":true,"href":"http:\/\/wgphoto.pl\/t\/index.php?rest_route=%2Fwp%2Fv2%2Ftags&post=9822"}],"curies":[{"name":"wp","href":"https:\/\/api.w.org\/{rel}","templated":true}]}}