{"id":9825,"date":"2025-01-15T18:07:15","date_gmt":"2025-01-15T17:07:15","guid":{"rendered":"https:\/\/wgphoto.pl\/t\/?p=9825"},"modified":"2025-01-15T18:07:15","modified_gmt":"2025-01-15T17:07:15","slug":"zabie-wnetrznosci-2","status":"publish","type":"post","link":"http:\/\/wgphoto.pl\/t\/?p=9825","title":{"rendered":"\u017babie wn\u0119trzno\u015bci (2)"},"content":{"rendered":"\n<figure class=\"wp-block-image aligncenter size-full\"><img loading=\"lazy\" decoding=\"async\" width=\"696\" height=\"1050\" src=\"https:\/\/wgphoto.pl\/t\/wp-content\/uploads\/2025\/01\/IMGP3664.jpg\" alt=\"\" class=\"wp-image-9826\" srcset=\"http:\/\/wgphoto.pl\/t\/wp-content\/uploads\/2025\/01\/IMGP3664.jpg 696w, http:\/\/wgphoto.pl\/t\/wp-content\/uploads\/2025\/01\/IMGP3664-199x300.jpg 199w\" sizes=\"auto, (max-width: 696px) 100vw, 696px\" \/><\/figure>\n\n\n\n<div class=\"wp-block-group has-global-padding is-layout-constrained wp-block-group-is-layout-constrained\">\n<p>Schody mi\u0119dzy nisk\u0105 pod\u0142og\u0105 w przedsionku oraz wysok\u0105 nad w\u00f3zkami. 2014-04-01<\/p>\n<\/div>\n","protected":false},"excerpt":{"rendered":"<p>Schody mi\u0119dzy nisk\u0105 pod\u0142og\u0105 w przedsionku oraz wysok\u0105 nad w\u00f3zkami. 2014-04-01<\/p>\n","protected":false},"author":1,"featured_media":9826,"comment_status":"open","ping_status":"","sticky":false,"template":"","format":"standard","meta":{"footnotes":""},"categories":[220,2,128,48],"tags":[702,972,50,49,454],"class_list":["post-9825","post","type-post","status-publish","format-standard","has-post-thumbnail","hentry","category-blo","category-kolej","category-pionowe","category-rok-2014","tag-2014-04-01","tag-972","tag-cd","tag-czechy","tag-wnetrza-pojazdow"],"_links":{"self":[{"href":"http:\/\/wgphoto.pl\/t\/index.php?rest_route=\/wp\/v2\/posts\/9825","targetHints":{"allow":["GET"]}}],"collection":[{"href":"http:\/\/wgphoto.pl\/t\/index.php?rest_route=\/wp\/v2\/posts"}],"about":[{"href":"http:\/\/wgphoto.pl\/t\/index.php?rest_route=\/wp\/v2\/types\/post"}],"author":[{"embeddable":true,"href":"http:\/\/wgphoto.pl\/t\/index.php?rest_route=\/wp\/v2\/users\/1"}],"replies":[{"embeddable":true,"href":"http:\/\/wgphoto.pl\/t\/index.php?rest_route=%2Fwp%2Fv2%2Fcomments&post=9825"}],"version-history":[{"count":1,"href":"http:\/\/wgphoto.pl\/t\/index.php?rest_route=\/wp\/v2\/posts\/9825\/revisions"}],"predecessor-version":[{"id":9827,"href":"http:\/\/wgphoto.pl\/t\/index.php?rest_route=\/wp\/v2\/posts\/9825\/revisions\/9827"}],"wp:featuredmedia":[{"embeddable":true,"href":"http:\/\/wgphoto.pl\/t\/index.php?rest_route=\/wp\/v2\/media\/9826"}],"wp:attachment":[{"href":"http:\/\/wgphoto.pl\/t\/index.php?rest_route=%2Fwp%2Fv2%2Fmedia&parent=9825"}],"wp:term":[{"taxonomy":"category","embeddable":true,"href":"http:\/\/wgphoto.pl\/t\/index.php?rest_route=%2Fwp%2Fv2%2Fcategories&post=9825"},{"taxonomy":"post_tag","embeddable":true,"href":"http:\/\/wgphoto.pl\/t\/index.php?rest_route=%2Fwp%2Fv2%2Ftags&post=9825"}],"curies":[{"name":"wp","href":"https:\/\/api.w.org\/{rel}","templated":true}]}}